{"id":46372,"date":"2020-11-20T17:01:09","date_gmt":"2020-11-20T21:01:09","guid":{"rendered":"https:\/\/www.brazilianpress.com\/v1\/?p=46372"},"modified":"2020-11-20T17:01:09","modified_gmt":"2020-11-20T21:01:09","slug":"brics-apoia-candidatura-do-brasil-para-conselho-de-seguranca-da-onu","status":"publish","type":"post","link":"https:\/\/www.brazilianpress.com\/v1\/2020\/11\/20\/brics-apoia-candidatura-do-brasil-para-conselho-de-seguranca-da-onu\/","title":{"rendered":"Brics apoia candidatura do Brasil para Conselho de Seguran\u00e7a da ONU"},"content":{"rendered":"<p><strong>Os pa\u00edses do Brics, grupo formado por Brasil, R\u00fassia, \u00cdndia, China e \u00c1frica do Sul, manifestaram apoio \u00e0 candidatura do Brasil para membro rotativo do Conselho de Seguran\u00e7a da Organiza\u00e7\u00e3o das Na\u00e7\u00f5es Unidas (ONU) em 2022 e 2023. O apoio consta no comunicado da 12\u00aa Reuni\u00e3o de C\u00fapula do grupo, realizada hoje (17) de forma virtual.<\/strong><\/p>\n<p>O texto conjunto tamb\u00e9m defendeu a coopera\u00e7\u00e3o internacional para o enfrentamento da pandemia de covid-19 e a distribui\u00e7\u00e3o, de forma equitativa, de uma vacina segura e eficaz. Em rela\u00e7\u00e3o ao com\u00e9rcio internacional, os pa\u00edses pediram uma reforma na Organiza\u00e7\u00e3o Mundial do Com\u00e9rcio (OMC), que propicie a defesa dos pa\u00edses em desenvolvimento, evite o protecionismo dos pa\u00edses ricos e busque uma cadeia de suprimento global mais \u201cresiliente&#8221;.<\/p>\n<p><strong>Conselho<\/strong><\/p>\n<p>Sob presid\u00eancia da R\u00fassia, o Brics defendeu uma reforma ampla da ONU para abrigar mais pa\u00edses do grupo no Conselho de Seguran\u00e7a. Com Estados Unidos, R\u00fassia, China, Fran\u00e7a e Reino Unido como membros permanentes, o conselho representa o principal \u00e1rbitro de conflitos no sistema internacional e tem dez membros rotativos, eleitos para mandatos de dois anos. H\u00e1 v\u00e1rias d\u00e9cadas, o Brasil, um dos pa\u00edses que mais ocupou o posto de membro n\u00e3o permanente, reivindica um assento fixo.<\/p>\n<p>Refor\u00e7ando o apoio ao direito internacional e \u00e0 democracia, o comunicado invoca o respeito \u00e0 soberania dos Estados e pede o cumprimento do princ\u00edpio da n\u00e3o-interven\u00e7\u00e3o externa nos pa\u00edses. Os pa\u00edses reiteraram o compromisso com a paz, a estabilidade, o respeito m\u00fatuo e a igualdade, com eventuais disputas internacionais sendo resolvidas por meios pac\u00edficos.<\/p>\n<p><strong>Discurso<\/strong><\/p>\n<p>O comunicado est\u00e1 em linha com alguns pedidos do presidente Jair Bolsonaro. Em discurso na abertura do encontro, ele defendeu mudan\u00e7as na OMC, refor\u00e7ou o apelo por um assento permanente do Brasil no Conselho de Seguran\u00e7a da ONU e pediu reformas na Organiza\u00e7\u00e3o Mundial da Sa\u00fade (OMS). O presidente tamb\u00e9m prometeu divulgar uma lista de importadores de madeira ilegal da Amaz\u00f4nia brasileira, criticando os \u201cataques\u201d que o governo sofre em rela\u00e7\u00e3o \u00e0s queimadas e ao desmatamento. (ABr)<\/p>\n","protected":false},"excerpt":{"rendered":"<p>Os pa\u00edses do Brics, grupo formado por Brasil, R\u00fassia, \u00cdndia, China e \u00c1frica do Sul, manifestaram apoio \u00e0 candidatura do Brasil para membro rotativo do Conselho de Seguran\u00e7a da Organiza\u00e7\u00e3o das Na\u00e7\u00f5es Unidas (ONU) em 2022 e 2023. O apoio consta no comunicado da 12\u00aa Reuni\u00e3o de C\u00fapula do grupo, realizada hoje (17) de forma virtual. O texto conjunto tamb\u00e9m defendeu a coopera\u00e7\u00e3o internacional para o enfrentamento da pandemia de covid-19 e a distribui\u00e7\u00e3o, de forma equitativa, de uma vacina segura e eficaz. Em rela\u00e7\u00e3o ao com\u00e9rcio internacional, os pa\u00edses pediram uma reforma na Organiza\u00e7\u00e3o Mundial do Com\u00e9rcio (OMC), que [&hellip;]<\/p>\n","protected":false},"author":1,"featured_media":41158,"comment_status":"open","ping_status":"open","sticky":false,"template":"","format":"standard","meta":{"_links_to":"","_links_to_target":""},"categories":[8,1],"tags":[],"views":1836,"_links":{"self":[{"href":"https:\/\/www.brazilianpress.com\/v1\/wp-json\/wp\/v2\/posts\/46372"}],"collection":[{"href":"https:\/\/www.brazilianpress.com\/v1\/wp-json\/wp\/v2\/posts"}],"about":[{"href":"https:\/\/www.brazilianpress.com\/v1\/wp-json\/wp\/v2\/types\/post"}],"author":[{"embeddable":true,"href":"https:\/\/www.brazilianpress.com\/v1\/wp-json\/wp\/v2\/users\/1"}],"replies":[{"embeddable":true,"href":"https:\/\/www.brazilianpress.com\/v1\/wp-json\/wp\/v2\/comments?post=46372"}],"version-history":[{"count":1,"href":"https:\/\/www.brazilianpress.com\/v1\/wp-json\/wp\/v2\/posts\/46372\/revisions"}],"predecessor-version":[{"id":46373,"href":"https:\/\/www.brazilianpress.com\/v1\/wp-json\/wp\/v2\/posts\/46372\/revisions\/46373"}],"wp:featuredmedia":[{"embeddable":true,"href":"https:\/\/www.brazilianpress.com\/v1\/wp-json\/wp\/v2\/media\/41158"}],"wp:attachment":[{"href":"https:\/\/www.brazilianpress.com\/v1\/wp-json\/wp\/v2\/media?parent=46372"}],"wp:term":[{"taxonomy":"category","embeddable":true,"href":"https:\/\/www.brazilianpress.com\/v1\/wp-json\/wp\/v2\/categories?post=46372"},{"taxonomy":"post_tag","embeddable":true,"href":"https:\/\/www.brazilianpress.com\/v1\/wp-json\/wp\/v2\/tags?post=46372"}],"curies":[{"name":"wp","href":"https:\/\/api.w.org\/{rel}","templated":true}]}}