{"id":46380,"date":"2020-11-20T17:15:52","date_gmt":"2020-11-20T21:15:52","guid":{"rendered":"https:\/\/www.brazilianpress.com\/v1\/?p=46380"},"modified":"2020-11-20T17:15:52","modified_gmt":"2020-11-20T21:15:52","slug":"no-texas-enfermeira-diz-que-pacientes-com-covid-19-sao-largados-para-morrer","status":"publish","type":"post","link":"https:\/\/www.brazilianpress.com\/v1\/2020\/11\/20\/no-texas-enfermeira-diz-que-pacientes-com-covid-19-sao-largados-para-morrer\/","title":{"rendered":"No Texas enfermeira diz que pacientes com Covid-19 s\u00e3o largados para morrer"},"content":{"rendered":"<p><strong>Lawanna Rivers, uma enfermeira que se trabalhou no Texas para ajudar na luta contra a\u00a0Covid-19, decidiu descrever as condi\u00e7\u00f5es &#8220;horr\u00edveis&#8221; em que os doentes em pior estado s\u00e3o tratados. Segundo a enfermeira, os doentes s\u00e3o enviados para um quarto, com o \u00fanico\u00a0objetivo: o de serem deixados para morrer.<\/strong><\/p>\n<p>Lawanna\u00a0esteve trabalhando no University Medical Center de El\u00a0Paso, onde conta que existia um quarto ao qual deu o nome de &#8216;The Pit&#8217; [A Cova]. Para ali, eram enviados os doentes em pior estado e os cuidados prestados eram os m\u00ednimos.<\/p>\n<p>&#8220;Vi muitas pessoas que achava que n\u00e3o deveriam morrer&#8230; morrendo&#8221;, afirmou a mulher no v\u00eddeo que fez ao vivo no\u00a0Facebook, no in\u00edcio de\u00a0novembro.<\/p>\n<p><img src=\"https:\/\/www.radioaltoalegrefm.com.br\/adm\/zHD\/1\/noticias\/imagens\/0179024001605614670.jpg\" alt=\"Enfermeira diz que pacientes com Covid s\u00e3o largados para morrer nos EUA\" \/><\/p>\n<p>A enfermeira, que trabalhou numa das cidades do pa\u00eds mais afetadas pela pandemia, conta que assistiu a situa\u00e7\u00f5es que a deixaram revoltada, como o tratamento diferenciado para doentes, nomeadamente a mulher de um m\u00e9dico que teve direito a ser tratada num quarto isolado. &#8220;Foi das poucas que sobreviveu nos cuidados intensivos&#8221;, denuncia, referindo que era tratada como &#8220;uma doente VIP&#8221; e cuidados n\u00e3o lhe faltaram.<\/p>\n<p>Em resposta \u00e0s den\u00fancias da profissional de sa\u00fade, a institui\u00e7\u00e3o m\u00e9dica se pronunciou, em comunicado, que apesar de &#8220;compreender e estar solid\u00e1ria&#8221; com as dificuldades enfrentadas pela enfermeira, n\u00e3o consegue &#8220;confirmar os eventos denunciados&#8221;.<\/p>\n","protected":false},"excerpt":{"rendered":"<p>Lawanna Rivers, uma enfermeira que se trabalhou no Texas para ajudar na luta contra a\u00a0Covid-19, decidiu descrever as condi\u00e7\u00f5es &#8220;horr\u00edveis&#8221; em que os doentes em pior estado s\u00e3o tratados. Segundo a enfermeira, os doentes s\u00e3o enviados para um quarto, com o \u00fanico\u00a0objetivo: o de serem deixados para morrer. Lawanna\u00a0esteve trabalhando no University Medical Center de El\u00a0Paso, onde conta que existia um quarto ao qual deu o nome de &#8216;The Pit&#8217; [A Cova]. Para ali, eram enviados os doentes em pior estado e os cuidados prestados eram os m\u00ednimos. &#8220;Vi muitas pessoas que achava que n\u00e3o deveriam morrer&#8230; morrendo&#8221;, afirmou a [&hellip;]<\/p>\n","protected":false},"author":1,"featured_media":46381,"comment_status":"open","ping_status":"open","sticky":false,"template":"","format":"standard","meta":{"_links_to":"","_links_to_target":""},"categories":[4,3,1],"tags":[],"views":1162,"_links":{"self":[{"href":"https:\/\/www.brazilianpress.com\/v1\/wp-json\/wp\/v2\/posts\/46380"}],"collection":[{"href":"https:\/\/www.brazilianpress.com\/v1\/wp-json\/wp\/v2\/posts"}],"about":[{"href":"https:\/\/www.brazilianpress.com\/v1\/wp-json\/wp\/v2\/types\/post"}],"author":[{"embeddable":true,"href":"https:\/\/www.brazilianpress.com\/v1\/wp-json\/wp\/v2\/users\/1"}],"replies":[{"embeddable":true,"href":"https:\/\/www.brazilianpress.com\/v1\/wp-json\/wp\/v2\/comments?post=46380"}],"version-history":[{"count":1,"href":"https:\/\/www.brazilianpress.com\/v1\/wp-json\/wp\/v2\/posts\/46380\/revisions"}],"predecessor-version":[{"id":46382,"href":"https:\/\/www.brazilianpress.com\/v1\/wp-json\/wp\/v2\/posts\/46380\/revisions\/46382"}],"wp:featuredmedia":[{"embeddable":true,"href":"https:\/\/www.brazilianpress.com\/v1\/wp-json\/wp\/v2\/media\/46381"}],"wp:attachment":[{"href":"https:\/\/www.brazilianpress.com\/v1\/wp-json\/wp\/v2\/media?parent=46380"}],"wp:term":[{"taxonomy":"category","embeddable":true,"href":"https:\/\/www.brazilianpress.com\/v1\/wp-json\/wp\/v2\/categories?post=46380"},{"taxonomy":"post_tag","embeddable":true,"href":"https:\/\/www.brazilianpress.com\/v1\/wp-json\/wp\/v2\/tags?post=46380"}],"curies":[{"name":"wp","href":"https:\/\/api.w.org\/{rel}","templated":true}]}}