{"id":46389,"date":"2020-11-23T11:42:58","date_gmt":"2020-11-23T15:42:58","guid":{"rendered":"https:\/\/www.brazilianpress.com\/v1\/?p=46389"},"modified":"2020-11-23T11:42:58","modified_gmt":"2020-11-23T15:42:58","slug":"covid-19-operacao-warp-speed-considera-inicio-da-vacinacao-nos-eua-ja-em-dezembro","status":"publish","type":"post","link":"https:\/\/www.brazilianpress.com\/v1\/2020\/11\/23\/covid-19-operacao-warp-speed-considera-inicio-da-vacinacao-nos-eua-ja-em-dezembro\/","title":{"rendered":"Covid-19: Opera\u00e7\u00e3o &#8220;Warp Speed&#8221; considera in\u00edcio da vacina\u00e7\u00e3o nos EUA j\u00e1 em dezembro"},"content":{"rendered":"<p><strong>Os profissionais de sa\u00fade dos Estados Unidos recomendaram que as primeiras vacinas contra a Covid-19 comecem a ser aplicadas logo ap\u00f3s obterem aprova\u00e7\u00f5es regulat\u00f3rias no pr\u00f3ximo m\u00eas, disse uma autoridade do governo do pa\u00eds \u00e0 Reuters no \u00faltimo domingo, 22.<\/strong><\/p>\n<p>Segundo a ag\u00eancia, cerca de 70% da popula\u00e7\u00e3o de 330 milh\u00f5es de americanos precisar\u00e1 ser inoculada para se chegar \u00e0 \u201cimunidade de rebanho\u201d do v\u00edrus. De acordo com o doutor Moncef Slaoui (foto), principal conselheiro cient\u00edfico da Opera\u00e7\u00e3o Warp Speed, esse objetivo pode ser alcan\u00e7ado at\u00e9 maio de 2021.<\/p>\n<p><img src=\"https:\/\/i.insider.com\/5faf033a1c741f0019ac9cf2?width=700\" alt=\"Operation Warp Speed chief hasn't met Biden, can't share vaccine info -  Business Insider\" \/><\/p>\n<p>O especialista destacou que a Ag\u00eancia de Alimentos e Medicamentos dos EUA (FDA, na sigla em ingl\u00eas) provavelmente conceder\u00e1 em meados de dezembro uma aprova\u00e7\u00e3o para a distribui\u00e7\u00e3o da vacina produzida pela Pfizer.<\/p>\n","protected":false},"excerpt":{"rendered":"<p>Os profissionais de sa\u00fade dos Estados Unidos recomendaram que as primeiras vacinas contra a Covid-19 comecem a ser aplicadas logo ap\u00f3s obterem aprova\u00e7\u00f5es regulat\u00f3rias no pr\u00f3ximo m\u00eas, disse uma autoridade do governo do pa\u00eds \u00e0 Reuters no \u00faltimo domingo, 22. Segundo a ag\u00eancia, cerca de 70% da popula\u00e7\u00e3o de 330 milh\u00f5es de americanos precisar\u00e1 ser inoculada para se chegar \u00e0 \u201cimunidade de rebanho\u201d do v\u00edrus. De acordo com o doutor Moncef Slaoui (foto), principal conselheiro cient\u00edfico da Opera\u00e7\u00e3o Warp Speed, esse objetivo pode ser alcan\u00e7ado at\u00e9 maio de 2021. O especialista destacou que a Ag\u00eancia de Alimentos e Medicamentos dos [&hellip;]<\/p>\n","protected":false},"author":1,"featured_media":46390,"comment_status":"open","ping_status":"open","sticky":false,"template":"","format":"standard","meta":{"_links_to":"","_links_to_target":""},"categories":[4,3,1],"tags":[],"views":1088,"_links":{"self":[{"href":"https:\/\/www.brazilianpress.com\/v1\/wp-json\/wp\/v2\/posts\/46389"}],"collection":[{"href":"https:\/\/www.brazilianpress.com\/v1\/wp-json\/wp\/v2\/posts"}],"about":[{"href":"https:\/\/www.brazilianpress.com\/v1\/wp-json\/wp\/v2\/types\/post"}],"author":[{"embeddable":true,"href":"https:\/\/www.brazilianpress.com\/v1\/wp-json\/wp\/v2\/users\/1"}],"replies":[{"embeddable":true,"href":"https:\/\/www.brazilianpress.com\/v1\/wp-json\/wp\/v2\/comments?post=46389"}],"version-history":[{"count":1,"href":"https:\/\/www.brazilianpress.com\/v1\/wp-json\/wp\/v2\/posts\/46389\/revisions"}],"predecessor-version":[{"id":46391,"href":"https:\/\/www.brazilianpress.com\/v1\/wp-json\/wp\/v2\/posts\/46389\/revisions\/46391"}],"wp:featuredmedia":[{"embeddable":true,"href":"https:\/\/www.brazilianpress.com\/v1\/wp-json\/wp\/v2\/media\/46390"}],"wp:attachment":[{"href":"https:\/\/www.brazilianpress.com\/v1\/wp-json\/wp\/v2\/media?parent=46389"}],"wp:term":[{"taxonomy":"category","embeddable":true,"href":"https:\/\/www.brazilianpress.com\/v1\/wp-json\/wp\/v2\/categories?post=46389"},{"taxonomy":"post_tag","embeddable":true,"href":"https:\/\/www.brazilianpress.com\/v1\/wp-json\/wp\/v2\/tags?post=46389"}],"curies":[{"name":"wp","href":"https:\/\/api.w.org\/{rel}","templated":true}]}}