{"id":46408,"date":"2020-11-25T13:14:00","date_gmt":"2020-11-25T17:14:00","guid":{"rendered":"https:\/\/www.brazilianpress.com\/v1\/?p=46408"},"modified":"2020-11-25T16:42:48","modified_gmt":"2020-11-25T20:42:48","slug":"luto-no-futebol-morre-aos-60-anos-craque-maradona-em-sua-casa-na-argentina","status":"publish","type":"post","link":"https:\/\/www.brazilianpress.com\/v1\/2020\/11\/25\/luto-no-futebol-morre-aos-60-anos-craque-maradona-em-sua-casa-na-argentina\/","title":{"rendered":"Luto no futebol: Morre aos 60 anos craque Maradona, em sua casa na Argentina"},"content":{"rendered":"<p><strong>Diego Maradona, um dos maiores jogadores de futebol de todos os tempos, morreu na manh\u00e3 de hoje, aos 60 anos, ap\u00f3s sofrer uma parada cardiorrespirat\u00f3ria. Ele estava em sua casa, em Tigre, cidade vizinha de Buenos Aires. A informa\u00e7\u00e3o foi confirmada pelo bi\u00f3grafo do jogador.<\/strong><\/p>\n<p>A sa\u00fade de Maradona j\u00e1 estava prec\u00e1ria desde o in\u00edcio do m\u00eas, quando ele foi operado de um hematoma subdural e depois, por decis\u00e3o familiar e m\u00e9dica, permaneceu hospitalizado devido a uma &#8220;baixa an\u00edmica, anemia e desidrata\u00e7\u00e3o&#8221; e um quadro de abstin\u00eancia devido ao v\u00edcio em \u00e1lcool. Maradona passou mal pela manh\u00e3.<\/p>\n<p><img src=\"https:\/\/jpimg.com.br\/uploads\/2017\/10\/maradona_fifa_31102017-3-1.jpg\" alt=\"Morre o craque Diego Maradona aos 60 anos | Jovem Pan\" \/><\/p>\n<p>Segundo a imprensa argentina, seis ambul\u00e2ncias foram chamadas para atender o ex-jogador, mas os m\u00e9dicos n\u00e3o conseguiram salv\u00e1-lo. Antes dos problemas de sa\u00fade, o campe\u00e3o mundial pela Argentina em 1986 era o t\u00e9cnico do clube Gimnasia y Esgrima La Plata.<\/p>\n<p><strong>O craque das Copas<\/strong><\/p>\n<p>Maradona estreou pela sele\u00e7\u00e3o da Argentina em 1977 com apenas 16 anos. E mesmo j\u00e1 sendo um craque, acabou n\u00e3o sendo convocado para a Copa de 78, em casa, que registrou o primeiro t\u00edtulo argentino. O sucesso no Mundial veio oito anos depois, em uma atua\u00e7\u00e3o antol\u00f3gica na Copa do M\u00e9xico. Maradona levou a Argentina ao bicampeonato e fez dois gols que entraram para a hist\u00f3ria: um driblando toda a defesa da Inglaterra, e outro com a &#8220;M\u00e3o de Deus&#8221;, tamb\u00e9m contra os ingleses.<\/p>\n<p><img src=\"https:\/\/sportsbet.imgix.net\/news\/ebfbd600122fc5c140e486bd45682a59.jpg?w=1200&amp;auto=compress,enhance,format\" alt=\"Futebol Maradona foi desejo do Flamengo em 1991, mas a base salvou a  temporada Artigo - Sportsbet.io\" \/><\/p>\n<p>Maradona ainda teve uma outra chance de ser campe\u00e3o do mundo. Em 1990, ap\u00f3s eliminar o Brasil, ele levou a Argentina \u00e0 final contra a Alemanha, mas acabou sendo derrotado. O craque ainda fez a sua despedida dos gramados de Copa em 1994, mas foi de uma maneira melanc\u00f3lica. No Mundial dos Estados Unidos Maradona foi flagrado no exame antidoping.<\/p>\n<p><strong>A luta contra as drogas<\/strong><\/p>\n<p>Craque inigual\u00e1vel nos gramados, Maradona travou uma luta fora dos campos. A carreira dele foi marcada por esc\u00e2ndalos como o doping na Copa do Mundo e o abuso de drogas.<\/p>\n<p><img src=\"https:\/\/cdn-istoe-ssl.akamaized.net\/wp-content\/uploads\/sites\/14\/2020\/11\/maradona.jpg\" alt=\"Maradona \u00e9 operado com \u00eaxito de hematoma no c\u00e9rebro, diz m\u00e9dico - ISTO\u00c9  Independente\" \/><\/p>\n<p>Em sua autobiografia, Maradona revelou que come\u00e7ou a usar drogas ap\u00f3s a sua chegada ao Barcelona, no come\u00e7o dos anos 80. Em 1991, quando jogava pelo Napoli, foi suspenso ap\u00f3s ser flagrado no exame antidoping pelo uso de coca\u00edna. Na Copa de 1994, a subst\u00e2ncia proibida encontrada em seu exame foi a efedrina, que al\u00e9m de ser usada em rem\u00e9dios para emagrecer \u00e9 um estimulante.<\/p>\n<p><strong>A carreira<\/strong><\/p>\n<p>Maradona foi descoberto aos 9 anos pelo Argentinos Juniors na favela onde morava, no sub\u00farbio de Buenos Aires. Ele jogou pela equipe profissionalmente entre 1976 e 1981, quando se transferiu para o Boca Juniors.<\/p>\n<p><img src=\"https:\/\/www.metro1.com.br\/fotos\/noticias\/71614\/IMAGEM_NOTICIA_3.jpg?v=d5ae3125e127a23\" alt=\"Com foto dos tempos de f\u00e3, Maradona chama Pel\u00e9 de 'Rei' - Metro 1\" \/><\/p>\n<p>Apesar de ter jogado apenas dois anos pelo Boca, antes do retorno no final de carreira, Maradona se transformou em um dos maiores \u00eddolos da equipe. O bom futebol abriu as portas da Europa e o craque foi para o Barcelona, onde jogou entre 1982 e 1984. Depois, mudo-se para a It\u00e1lia e formou um dos maiores esquadr\u00f5es dos anos 80 com o Napoli. Em 1992, Maradona voltou para a Espanha, desta vez para o Sevilla. J\u00e1 no final da carreira jogou no Newell&#8217;s Old Boys e no Boca. Maradona tamb\u00e9m teve uma carreira como t\u00e9cnico, com o ponto mais alto dirigindo a Argentina na Copa do Mundo de 2010, na \u00c1frica do Sul. \/\/ Reuters.<\/p>\n<p><img src=\"https:\/\/uploads.jovemnerd.com.br\/wp-content\/uploads\/2017\/03\/diego-maradona.jpeg\" alt=\"Diego Maradona quer processar a Konami - NerdBunker\" \/><\/p>\n","protected":false},"excerpt":{"rendered":"<p>Diego Maradona, um dos maiores jogadores de futebol de todos os tempos, morreu na manh\u00e3 de hoje, aos 60 anos, ap\u00f3s sofrer uma parada cardiorrespirat\u00f3ria. Ele estava em sua casa, em Tigre, cidade vizinha de Buenos Aires. A informa\u00e7\u00e3o foi confirmada pelo bi\u00f3grafo do jogador. A sa\u00fade de Maradona j\u00e1 estava prec\u00e1ria desde o in\u00edcio do m\u00eas, quando ele foi operado de um hematoma subdural e depois, por decis\u00e3o familiar e m\u00e9dica, permaneceu hospitalizado devido a uma &#8220;baixa an\u00edmica, anemia e desidrata\u00e7\u00e3o&#8221; e um quadro de abstin\u00eancia devido ao v\u00edcio em \u00e1lcool. Maradona passou mal pela manh\u00e3. Segundo a imprensa [&hellip;]<\/p>\n","protected":false},"author":1,"featured_media":46409,"comment_status":"open","ping_status":"open","sticky":false,"template":"","format":"standard","meta":{"_links_to":"","_links_to_target":""},"categories":[3,9,1],"tags":[],"views":3130,"_links":{"self":[{"href":"https:\/\/www.brazilianpress.com\/v1\/wp-json\/wp\/v2\/posts\/46408"}],"collection":[{"href":"https:\/\/www.brazilianpress.com\/v1\/wp-json\/wp\/v2\/posts"}],"about":[{"href":"https:\/\/www.brazilianpress.com\/v1\/wp-json\/wp\/v2\/types\/post"}],"author":[{"embeddable":true,"href":"https:\/\/www.brazilianpress.com\/v1\/wp-json\/wp\/v2\/users\/1"}],"replies":[{"embeddable":true,"href":"https:\/\/www.brazilianpress.com\/v1\/wp-json\/wp\/v2\/comments?post=46408"}],"version-history":[{"count":1,"href":"https:\/\/www.brazilianpress.com\/v1\/wp-json\/wp\/v2\/posts\/46408\/revisions"}],"predecessor-version":[{"id":46410,"href":"https:\/\/www.brazilianpress.com\/v1\/wp-json\/wp\/v2\/posts\/46408\/revisions\/46410"}],"wp:featuredmedia":[{"embeddable":true,"href":"https:\/\/www.brazilianpress.com\/v1\/wp-json\/wp\/v2\/media\/46409"}],"wp:attachment":[{"href":"https:\/\/www.brazilianpress.com\/v1\/wp-json\/wp\/v2\/media?parent=46408"}],"wp:term":[{"taxonomy":"category","embeddable":true,"href":"https:\/\/www.brazilianpress.com\/v1\/wp-json\/wp\/v2\/categories?post=46408"},{"taxonomy":"post_tag","embeddable":true,"href":"https:\/\/www.brazilianpress.com\/v1\/wp-json\/wp\/v2\/tags?post=46408"}],"curies":[{"name":"wp","href":"https:\/\/api.w.org\/{rel}","templated":true}]}}