{"id":46411,"date":"2020-11-25T16:44:07","date_gmt":"2020-11-25T20:44:07","guid":{"rendered":"https:\/\/www.brazilianpress.com\/v1\/?p=46411"},"modified":"2020-11-25T16:44:07","modified_gmt":"2020-11-25T20:44:07","slug":"por-iminencia-de-terceira-onda-de-coronavirus-japao-vai-limitar-turismo","status":"publish","type":"post","link":"https:\/\/www.brazilianpress.com\/v1\/2020\/11\/25\/por-iminencia-de-terceira-onda-de-coronavirus-japao-vai-limitar-turismo\/","title":{"rendered":"Por imin\u00eancia de terceira onda de coronav\u00edrus Jap\u00e3o vai limitar turismo"},"content":{"rendered":"<p><strong>O governo do Jap\u00e3o decidiu no \u00faltimo s\u00e1bado limitar a campanha de subs\u00eddios para incentivar o turismo &#8220;Go to travel&#8221; depois que o pa\u00eds registrou recordes di\u00e1rios de casos\u00a0de coronav\u00edrus por tr\u00eas dias seguidos.<\/strong><\/p>\n<p>Durante uma reuni\u00e3o do comit\u00ea de gest\u00e3o da pandemia\u00a0no Jap\u00e3o, o primeiro-ministro Yoshihide Suga explicou que, sob o programa, as reservas n\u00e3o ser\u00e3o mais aceitas para viagens a \u00e1reas que sofrem com o aumento do cont\u00e1gio.<\/p>\n<p>A decis\u00e3o, por recomenda\u00e7\u00e3o do painel de m\u00e9dicos consultores do governo, vem depois que o Jap\u00e3o relatou mais de 2,4 mil novas infec\u00e7\u00f5es na sexta-feira, um recorde pelo terceiro dia consecutivo. S\u00f3 T\u00f3quio registrou 539 casos, tamb\u00e9m o maior n\u00famero di\u00e1rio para a capital desde o come\u00e7o da crise sanit\u00e1ria.<\/p>\n<p><img src=\"https:\/\/cdnuploads.aa.com.tr\/uploads\/Contents\/2020\/07\/21\/thumbs_b_c_3ca067308570a2788edf9eea0c42d0bf.jpg?v=124126\" alt=\"Japan expands COVID-19 travel advisory list\" \/><\/p>\n<p>Outras regi\u00f5es, como Osaka e a ilha norte de Hokkaido, ambas s\u00e3o destinos tur\u00edsticos populares, tamb\u00e9m t\u00eam reportado piores marcas seguidamente.<\/p>\n<p>Especialistas japoneses est\u00e3o falando sobre a chegada de uma terceira onda em decorr\u00eancia da queda da temperatura, o que est\u00e1 fazendo com que as pessoas passem mais tempo dentro de casa.<\/p>\n<p>O programa &#8220;Go To Travel&#8221;, no valor de 1,35 trilh\u00e3o de ienes cerca de R$ 70 bilh\u00f5es, \u00e9 projetado para financiar descontos de at\u00e9 50% no pre\u00e7o de pacotes tur\u00edsticos e despesas de viagem e hospedagem para residentes do Jap\u00e3o dentro do pa\u00eds at\u00e9 janeiro.<\/p>\n<p>Representantes de associa\u00e7\u00f5es m\u00e9dicas japonesas afirmaram que a campanha de turismo provavelmente agiu como um catalisador para o aumento da infec\u00e7\u00e3o em certas regi\u00f5es.<\/p>\n<p>At\u00e9 agora, cerca de 40 milh\u00f5es de viagens foram feitas atrav\u00e9s do &#8220;Go to travel&#8221; desde que a campanha foi lan\u00e7ada, em julho, e, de acordo com dados do governo, 176 pessoas que viajaram usando esses descontos foram infectadas pelo v\u00edrus SARS-CoV-2.<\/p>\n","protected":false},"excerpt":{"rendered":"<p>O governo do Jap\u00e3o decidiu no \u00faltimo s\u00e1bado limitar a campanha de subs\u00eddios para incentivar o turismo &#8220;Go to travel&#8221; depois que o pa\u00eds registrou recordes di\u00e1rios de casos\u00a0de coronav\u00edrus por tr\u00eas dias seguidos. Durante uma reuni\u00e3o do comit\u00ea de gest\u00e3o da pandemia\u00a0no Jap\u00e3o, o primeiro-ministro Yoshihide Suga explicou que, sob o programa, as reservas n\u00e3o ser\u00e3o mais aceitas para viagens a \u00e1reas que sofrem com o aumento do cont\u00e1gio. A decis\u00e3o, por recomenda\u00e7\u00e3o do painel de m\u00e9dicos consultores do governo, vem depois que o Jap\u00e3o relatou mais de 2,4 mil novas infec\u00e7\u00f5es na sexta-feira, um recorde pelo terceiro dia [&hellip;]<\/p>\n","protected":false},"author":1,"featured_media":46412,"comment_status":"open","ping_status":"open","sticky":false,"template":"","format":"standard","meta":{"_links_to":"","_links_to_target":""},"categories":[8,1],"tags":[],"views":2809,"_links":{"self":[{"href":"https:\/\/www.brazilianpress.com\/v1\/wp-json\/wp\/v2\/posts\/46411"}],"collection":[{"href":"https:\/\/www.brazilianpress.com\/v1\/wp-json\/wp\/v2\/posts"}],"about":[{"href":"https:\/\/www.brazilianpress.com\/v1\/wp-json\/wp\/v2\/types\/post"}],"author":[{"embeddable":true,"href":"https:\/\/www.brazilianpress.com\/v1\/wp-json\/wp\/v2\/users\/1"}],"replies":[{"embeddable":true,"href":"https:\/\/www.brazilianpress.com\/v1\/wp-json\/wp\/v2\/comments?post=46411"}],"version-history":[{"count":1,"href":"https:\/\/www.brazilianpress.com\/v1\/wp-json\/wp\/v2\/posts\/46411\/revisions"}],"predecessor-version":[{"id":46413,"href":"https:\/\/www.brazilianpress.com\/v1\/wp-json\/wp\/v2\/posts\/46411\/revisions\/46413"}],"wp:featuredmedia":[{"embeddable":true,"href":"https:\/\/www.brazilianpress.com\/v1\/wp-json\/wp\/v2\/media\/46412"}],"wp:attachment":[{"href":"https:\/\/www.brazilianpress.com\/v1\/wp-json\/wp\/v2\/media?parent=46411"}],"wp:term":[{"taxonomy":"category","embeddable":true,"href":"https:\/\/www.brazilianpress.com\/v1\/wp-json\/wp\/v2\/categories?post=46411"},{"taxonomy":"post_tag","embeddable":true,"href":"https:\/\/www.brazilianpress.com\/v1\/wp-json\/wp\/v2\/tags?post=46411"}],"curies":[{"name":"wp","href":"https:\/\/api.w.org\/{rel}","templated":true}]}}