{"id":46518,"date":"2020-12-04T14:11:18","date_gmt":"2020-12-04T18:11:18","guid":{"rendered":"https:\/\/www.brazilianpress.com\/v1\/?p=46518"},"modified":"2020-12-04T14:11:18","modified_gmt":"2020-12-04T18:11:18","slug":"lea-campos-alo-voce","status":"publish","type":"post","link":"https:\/\/www.brazilianpress.com\/v1\/2020\/12\/04\/lea-campos-alo-voce\/","title":{"rendered":"L\u00e9a Campos: &#8220;Al\u00f4 Voc\u00ea&#8221;"},"content":{"rendered":"<p><strong>Quando perdemos um parente sentimos uma dor que a nada se compara. <\/strong><strong>Sofremos, choramos e sempre queremos saber porque perdemos quem amamos. O mesmo ocorre quando perdemos um amigo, a dor \u00e9 diferente, porque o amigo foi uma escolha pessoal e n\u00e3o uma heran\u00e7a sangu\u00ednea.<\/strong><\/p>\n<p>Semana passada perdi mais que uma amigo, perdi algu\u00e9m que acreditou em mim,me incentivou, me apoiou sempre, com ele aprendi que o n\u00e3o, n\u00e3o tem espa\u00e7o na vida de quem busca triunfar.<\/p>\n<p>FERNANDO VANNUCCI, foi tudo isso em minha carreira, quando tudo parecia perdido ele chegava com seu carinho de sempre me animando a n\u00e3o desistir. &#8220;N\u00e3o desista Lea, voc\u00ea\u00a0j\u00e1 provou que \u00e9 uma guerreira, sua luta \u00e9 grande mas voc\u00ea\u00a0vencer\u00e1, tenho certeza&#8221; , nunca esquecerei as vezes que ele se ia ao 12\u00ba RI (D\u00e9cimo Segundo Regimento de Infantaria) em Belo Horizonte acompanhar e filmar os treinamentos que estava fazendo junto com os soldado daquela institui\u00e7\u00e3o.<\/p>\n<p><img loading=\"lazy\" class=\"\" src=\"https:\/\/s04.video.glbimg.com\/x240\/9049655.jpg\" alt=\"Fernando Vannucci, apresentador, morre aos 69 anos em S\u00e3o Paulo | S\u00e3o Paulo  | G1\" width=\"667\" height=\"375\" \/><\/p>\n<p>Eu chega as 5 horas da manh\u00e3, e logo em seguida chegava Fernando. Isso n\u00e3o tem pre\u00e7o. Foi um rep\u00f3rter sempre atuante em minha carreira. Em 1971, j\u00e1 apitando, tive o prazer de ser entrevistada por ele em Araguari, naquela \u00e9poca ele trabalhava na emissora Sete Colinas de Uberaba. Em 73 ele iniciou seu trabalho na televis\u00e3o, e galgou todos os postos que pode. Foi narrador de futebol marcando sua passagem com a frase &#8220;Al\u00f4 Voc\u00ea!&#8221;, trabalhou em v\u00e1rias copas do mundo e olimp\u00edadas, e foi um excelente narrador de carnaval no rio de Janeiro. N\u00e3o posso deixar que a saudade tome conta de meu peito, mas n\u00e3o posso e n\u00e3o devo me esquecer tudo que ele fez me ajudando com seu apoio sempre. Quando sofri o acidente em 1974, ele j\u00e1 morava no Rio de Janeiro mas nem por isso se esqueceu de mim, sempre que podia me visitava ora em casa ora no Hospital Fel\u00edcio Rocho, em Belo Horizonte. Ao narrar esse conv\u00edvio com Fernando, quero enviar novamente meus sentimentos aos filhos dele, ao irm\u00e3os e a todos que, como eu, tiveram o privil\u00e9gio de conviver com ele.<\/p>\n<p><strong>AL\u00d4 VOC\u00ca, FERNANDO VANNUCCI DESCANSE EM PAZ.<\/strong><\/p>\n<p><strong>Informar \u00e9 um privil\u00e9gio, informar corretamente uma obriga\u00e7\u00e3o.<\/strong><\/p>\n<p><strong>L\u00e9a Campos\u00a0\u00a0<\/strong><\/p>\n","protected":false},"excerpt":{"rendered":"<p>Quando perdemos um parente sentimos uma dor que a nada se compara. Sofremos, choramos e sempre queremos saber porque perdemos quem amamos. O mesmo ocorre quando perdemos um amigo, a dor \u00e9 diferente, porque o amigo foi uma escolha pessoal e n\u00e3o uma heran\u00e7a sangu\u00ednea. Semana passada perdi mais que uma amigo, perdi algu\u00e9m que acreditou em mim,me incentivou, me apoiou sempre, com ele aprendi que o n\u00e3o, n\u00e3o tem espa\u00e7o na vida de quem busca triunfar. FERNANDO VANNUCCI, foi tudo isso em minha carreira, quando tudo parecia perdido ele chegava com seu carinho de sempre me animando a n\u00e3o [&hellip;]<\/p>\n","protected":false},"author":1,"featured_media":46519,"comment_status":"open","ping_status":"open","sticky":false,"template":"","format":"standard","meta":{"_links_to":"","_links_to_target":""},"categories":[15,1],"tags":[],"views":5147,"_links":{"self":[{"href":"https:\/\/www.brazilianpress.com\/v1\/wp-json\/wp\/v2\/posts\/46518"}],"collection":[{"href":"https:\/\/www.brazilianpress.com\/v1\/wp-json\/wp\/v2\/posts"}],"about":[{"href":"https:\/\/www.brazilianpress.com\/v1\/wp-json\/wp\/v2\/types\/post"}],"author":[{"embeddable":true,"href":"https:\/\/www.brazilianpress.com\/v1\/wp-json\/wp\/v2\/users\/1"}],"replies":[{"embeddable":true,"href":"https:\/\/www.brazilianpress.com\/v1\/wp-json\/wp\/v2\/comments?post=46518"}],"version-history":[{"count":1,"href":"https:\/\/www.brazilianpress.com\/v1\/wp-json\/wp\/v2\/posts\/46518\/revisions"}],"predecessor-version":[{"id":46520,"href":"https:\/\/www.brazilianpress.com\/v1\/wp-json\/wp\/v2\/posts\/46518\/revisions\/46520"}],"wp:featuredmedia":[{"embeddable":true,"href":"https:\/\/www.brazilianpress.com\/v1\/wp-json\/wp\/v2\/media\/46519"}],"wp:attachment":[{"href":"https:\/\/www.brazilianpress.com\/v1\/wp-json\/wp\/v2\/media?parent=46518"}],"wp:term":[{"taxonomy":"category","embeddable":true,"href":"https:\/\/www.brazilianpress.com\/v1\/wp-json\/wp\/v2\/categories?post=46518"},{"taxonomy":"post_tag","embeddable":true,"href":"https:\/\/www.brazilianpress.com\/v1\/wp-json\/wp\/v2\/tags?post=46518"}],"curies":[{"name":"wp","href":"https:\/\/api.w.org\/{rel}","templated":true}]}}