{"id":46533,"date":"2020-12-04T14:51:21","date_gmt":"2020-12-04T18:51:21","guid":{"rendered":"https:\/\/www.brazilianpress.com\/v1\/?p=46533"},"modified":"2020-12-04T14:51:21","modified_gmt":"2020-12-04T18:51:21","slug":"grupo-de-cientistas-tracaram-uma-possivel-diretriz-sobre-ordem-da-vacinacao-nos-eua","status":"publish","type":"post","link":"https:\/\/www.brazilianpress.com\/v1\/2020\/12\/04\/grupo-de-cientistas-tracaram-uma-possivel-diretriz-sobre-ordem-da-vacinacao-nos-eua\/","title":{"rendered":"Grupo de cientistas tra\u00e7aram uma poss\u00edvel diretriz sobre ordem da vacina\u00e7\u00e3o nos EUA"},"content":{"rendered":"<p><strong>Um painel de consultores cient\u00edficos divulgou na ter\u00e7a-feira as diretrizes iniciais sobre quem deve receber as primeiras vacinas contra o coronav\u00edrus, recomenda\u00e7\u00f5es que influenciar\u00e3o as pol\u00edticas dos estados em todo o pa\u00eds. A pergunta \u00f3bvia na mente de muitas pessoas \u00e9: quando posso esperar ser vacinado? Embora ainda haja muita incerteza, \u00e9 poss\u00edvel tra\u00e7ar um cronograma aproximado esperado.<\/strong><\/p>\n<p>Em dezembro, ser\u00e3o os profissionais de sa\u00fade e residentes de lares de idosos provavelmente ser\u00e3o as primeiras pessoas a receber a vacina, conforme recomendado pelo painel.<\/p>\n<p>At\u00e9 40 milh\u00f5es de doses poderiam estar dispon\u00edveis para os americanos antes do final deste ano, a partir de uma combina\u00e7\u00e3o das vacinas da Pfizer e Moderna. Isso seria o suficiente para vacinar os tr\u00eas milh\u00f5es de pessoas que vivem em institui\u00e7\u00f5es de longa perman\u00eancia, bem como a maioria dos 21 milh\u00f5es de profissionais de sa\u00fade do pa\u00eds.<\/p>\n<p>\u00c9 necess\u00e1rio lembrar que as vacinas Pfizer e Moderna requerem uma segunda dose algumas semanas depois para serem eficazes. Portanto, um lote inicial de 40 milh\u00f5es de doses seria suficiente para vacinar apenas 20 milh\u00f5es de pessoas.<\/p>\n<p>No in\u00edcio do ano que vem, a Pfizer e a Moderna provavelmente poder\u00e3o enviar cerca de 70 milh\u00f5es de doses por m\u00eas, disse Moncef Slaoui, um alto funcion\u00e1rio federal de vacinas, ao The Washington Post. As pessoas provavelmente receber\u00e3o as inje\u00e7\u00f5es em consult\u00f3rios m\u00e9dicos, hospitais e farm\u00e1cias, bem como em cl\u00ednicas especialmente criadas em alguns lugares.<\/p>\n<p>Nos meses de fevereiro e mar\u00e7o, os pr\u00f3ximos grupos priorit\u00e1rios s\u00e3o provavelmente pessoas com mais de 65 anos (e especialmente aqueles com mais de 75); pessoas com condi\u00e7\u00f5es m\u00e9dicas que as colocam em risco de morte se infectadas; e trabalhadores essenciais, como os da educa\u00e7\u00e3o, alimenta\u00e7\u00e3o, transporte e policiais.<\/p>\n<p>Uma exce\u00e7\u00e3o a essa segunda onda de receptores da vacina pode ser pessoas que j\u00e1 tiveram o v\u00edrus, tornando-as imunes a ele por pelo menos algum per\u00edodo de tempo.<\/p>\n<p>Se outras empresas, al\u00e9m da Pfizer e Moderna, receberem aprova\u00e7\u00e3o para suas vacinas, o n\u00famero total a cada m\u00eas poder\u00e1 chegar a 150 milh\u00f5es at\u00e9 mar\u00e7o.<\/p>\n<p>Em abril, maio e junho, o cen\u00e1rio mais prov\u00e1vel \u00e9 que mesmo as pessoas que n\u00e3o se qualificam como prioridade, como trabalhadores saud\u00e1veis \u200b\u200be n\u00e3o essenciais com menos de 65 anos &#8211; come\u00e7ar\u00e3o a receber a vacina na primavera. A grande maioria dos americanos pode ser vacinada no in\u00edcio do ver\u00e3o.<\/p>\n<p>Depois que isso acontecer, a vida ainda n\u00e3o voltar\u00e1 ao normal imediatamente, em parte porque as vacinas n\u00e3o s\u00e3o 100% eficazes. \u201cAinda haver\u00e1 riscos para as pessoas\u201d, disse Caitlin Rivers, epidemiologista da Johns Hopkins.<\/p>\n<p>Considerando tudo isso, a primavera n\u00e3o est\u00e1 t\u00e3o longe, o que \u00e9 mais um motivo para as pessoas fazerem esfor\u00e7os extras para evitar riscos desnecess\u00e1rios, como comer em restaurantes e se reunir em ambientes fechados com amigos nos pr\u00f3ximos meses.<\/p>\n","protected":false},"excerpt":{"rendered":"<p>Um painel de consultores cient\u00edficos divulgou na ter\u00e7a-feira as diretrizes iniciais sobre quem deve receber as primeiras vacinas contra o coronav\u00edrus, recomenda\u00e7\u00f5es que influenciar\u00e3o as pol\u00edticas dos estados em todo o pa\u00eds. A pergunta \u00f3bvia na mente de muitas pessoas \u00e9: quando posso esperar ser vacinado? Embora ainda haja muita incerteza, \u00e9 poss\u00edvel tra\u00e7ar um cronograma aproximado esperado. Em dezembro, ser\u00e3o os profissionais de sa\u00fade e residentes de lares de idosos provavelmente ser\u00e3o as primeiras pessoas a receber a vacina, conforme recomendado pelo painel. At\u00e9 40 milh\u00f5es de doses poderiam estar dispon\u00edveis para os americanos antes do final deste ano, [&hellip;]<\/p>\n","protected":false},"author":1,"featured_media":46534,"comment_status":"open","ping_status":"open","sticky":false,"template":"","format":"standard","meta":{"_links_to":"","_links_to_target":""},"categories":[3,1,10],"tags":[],"views":4395,"_links":{"self":[{"href":"https:\/\/www.brazilianpress.com\/v1\/wp-json\/wp\/v2\/posts\/46533"}],"collection":[{"href":"https:\/\/www.brazilianpress.com\/v1\/wp-json\/wp\/v2\/posts"}],"about":[{"href":"https:\/\/www.brazilianpress.com\/v1\/wp-json\/wp\/v2\/types\/post"}],"author":[{"embeddable":true,"href":"https:\/\/www.brazilianpress.com\/v1\/wp-json\/wp\/v2\/users\/1"}],"replies":[{"embeddable":true,"href":"https:\/\/www.brazilianpress.com\/v1\/wp-json\/wp\/v2\/comments?post=46533"}],"version-history":[{"count":1,"href":"https:\/\/www.brazilianpress.com\/v1\/wp-json\/wp\/v2\/posts\/46533\/revisions"}],"predecessor-version":[{"id":46535,"href":"https:\/\/www.brazilianpress.com\/v1\/wp-json\/wp\/v2\/posts\/46533\/revisions\/46535"}],"wp:featuredmedia":[{"embeddable":true,"href":"https:\/\/www.brazilianpress.com\/v1\/wp-json\/wp\/v2\/media\/46534"}],"wp:attachment":[{"href":"https:\/\/www.brazilianpress.com\/v1\/wp-json\/wp\/v2\/media?parent=46533"}],"wp:term":[{"taxonomy":"category","embeddable":true,"href":"https:\/\/www.brazilianpress.com\/v1\/wp-json\/wp\/v2\/categories?post=46533"},{"taxonomy":"post_tag","embeddable":true,"href":"https:\/\/www.brazilianpress.com\/v1\/wp-json\/wp\/v2\/tags?post=46533"}],"curies":[{"name":"wp","href":"https:\/\/api.w.org\/{rel}","templated":true}]}}