{"id":46669,"date":"2020-12-18T07:35:35","date_gmt":"2020-12-18T11:35:35","guid":{"rendered":"https:\/\/www.brazilianpress.com\/v1\/?p=46669"},"modified":"2020-12-18T07:35:35","modified_gmt":"2020-12-18T11:35:35","slug":"social-press-18-12-2020","status":"publish","type":"post","link":"https:\/\/www.brazilianpress.com\/v1\/2020\/12\/18\/social-press-18-12-2020\/","title":{"rendered":"Social Press . 18\/12\/2020"},"content":{"rendered":"<p><em><strong>Katia Cilene Lavinas \u00e9 maravilhoso quando conhecemos algu\u00e9m que espalha alegria e compaix\u00e3o ao pr\u00f3ximo, voc\u00ea \u00e9 uma destas pessoas que faz a gente acreditar na humanidade.<\/strong><\/em><\/p>\n<p><em><strong><img loading=\"lazy\" class=\"alignnone size-full wp-image-46671\" src=\"https:\/\/www.brazilianpress.com\/v1\/wp-content\/uploads\/2020\/12\/Foto-2-Saudacoes-a-Rosenete_1.jpg\" alt=\"\" width=\"700\" height=\"441\" srcset=\"https:\/\/www.brazilianpress.com\/v1\/wp-content\/uploads\/2020\/12\/Foto-2-Saudacoes-a-Rosenete_1.jpg 700w, https:\/\/www.brazilianpress.com\/v1\/wp-content\/uploads\/2020\/12\/Foto-2-Saudacoes-a-Rosenete_1-300x189.jpg 300w\" sizes=\"(max-width: 700px) 100vw, 700px\" \/><br \/>\nSauda\u00e7\u00f5es a Rosenete dos Santos, mam\u00e3e super Linda e radiante celebrando o casamento do primig\u00eanito com muita eleg\u00e2ncia.<\/strong><\/em><\/p>\n<p><em><strong><img loading=\"lazy\" class=\"alignnone size-full wp-image-46672\" src=\"https:\/\/www.brazilianpress.com\/v1\/wp-content\/uploads\/2020\/12\/Foto-3-Oreino-dos-Ceus_1.jpg\" alt=\"\" width=\"700\" height=\"449\" srcset=\"https:\/\/www.brazilianpress.com\/v1\/wp-content\/uploads\/2020\/12\/Foto-3-Oreino-dos-Ceus_1.jpg 700w, https:\/\/www.brazilianpress.com\/v1\/wp-content\/uploads\/2020\/12\/Foto-3-Oreino-dos-Ceus_1-300x192.jpg 300w\" sizes=\"(max-width: 700px) 100vw, 700px\" \/><br \/>\nO reino dos C\u00e9us est\u00e1 em Festa com o cumprimento de votos de Amor, Fidelidade e Uni\u00e3o dos Jovens Adventistas Henrique e Eunice. Eles confirmaram o casamento com Linda Festa e culto de adora\u00e7\u00e3o a Cristo. Felicidades!<\/strong><\/em><\/p>\n<p><em><strong><img loading=\"lazy\" class=\"alignnone size-full wp-image-46673\" src=\"https:\/\/www.brazilianpress.com\/v1\/wp-content\/uploads\/2020\/12\/Foto-4-Celebrando-o-milagre_1.jpg\" alt=\"\" width=\"700\" height=\"396\" srcset=\"https:\/\/www.brazilianpress.com\/v1\/wp-content\/uploads\/2020\/12\/Foto-4-Celebrando-o-milagre_1.jpg 700w, https:\/\/www.brazilianpress.com\/v1\/wp-content\/uploads\/2020\/12\/Foto-4-Celebrando-o-milagre_1-300x170.jpg 300w, https:\/\/www.brazilianpress.com\/v1\/wp-content\/uploads\/2020\/12\/Foto-4-Celebrando-o-milagre_1-400x225.jpg 400w, https:\/\/www.brazilianpress.com\/v1\/wp-content\/uploads\/2020\/12\/Foto-4-Celebrando-o-milagre_1-600x338.jpg 600w\" sizes=\"(max-width: 700px) 100vw, 700px\" \/><br \/>\nCelebrando o Milagre da Vida, Gr\u00e1vida aos 46 anos, a Linda Catia Cecilia e o marid\u00e3o Pastor Wagner Piazze curtiram amigos e presentes durante Ch\u00e1 de Bebe do Allan em Botucatu Sao Paulo. Deus aben\u00e7oe!<\/strong><\/em><\/p>\n","protected":false},"excerpt":{"rendered":"<p>Katia Cilene Lavinas \u00e9 maravilhoso quando conhecemos algu\u00e9m que espalha alegria e compaix\u00e3o ao pr\u00f3ximo, voc\u00ea \u00e9 uma destas pessoas que faz a gente acreditar na humanidade. Sauda\u00e7\u00f5es a Rosenete dos Santos, mam\u00e3e super Linda e radiante celebrando o casamento do primig\u00eanito com muita eleg\u00e2ncia. O reino dos C\u00e9us est\u00e1 em Festa com o cumprimento de votos de Amor, Fidelidade e Uni\u00e3o dos Jovens Adventistas Henrique e Eunice. Eles confirmaram o casamento com Linda Festa e culto de adora\u00e7\u00e3o a Cristo. Felicidades! Celebrando o Milagre da Vida, Gr\u00e1vida aos 46 anos, a Linda Catia Cecilia e o marid\u00e3o Pastor Wagner [&hellip;]<\/p>\n","protected":false},"author":1,"featured_media":46670,"comment_status":"open","ping_status":"open","sticky":false,"template":"","format":"standard","meta":{"_links_to":"","_links_to_target":""},"categories":[3,1,6],"tags":[],"views":4797,"_links":{"self":[{"href":"https:\/\/www.brazilianpress.com\/v1\/wp-json\/wp\/v2\/posts\/46669"}],"collection":[{"href":"https:\/\/www.brazilianpress.com\/v1\/wp-json\/wp\/v2\/posts"}],"about":[{"href":"https:\/\/www.brazilianpress.com\/v1\/wp-json\/wp\/v2\/types\/post"}],"author":[{"embeddable":true,"href":"https:\/\/www.brazilianpress.com\/v1\/wp-json\/wp\/v2\/users\/1"}],"replies":[{"embeddable":true,"href":"https:\/\/www.brazilianpress.com\/v1\/wp-json\/wp\/v2\/comments?post=46669"}],"version-history":[{"count":1,"href":"https:\/\/www.brazilianpress.com\/v1\/wp-json\/wp\/v2\/posts\/46669\/revisions"}],"predecessor-version":[{"id":46674,"href":"https:\/\/www.brazilianpress.com\/v1\/wp-json\/wp\/v2\/posts\/46669\/revisions\/46674"}],"wp:featuredmedia":[{"embeddable":true,"href":"https:\/\/www.brazilianpress.com\/v1\/wp-json\/wp\/v2\/media\/46670"}],"wp:attachment":[{"href":"https:\/\/www.brazilianpress.com\/v1\/wp-json\/wp\/v2\/media?parent=46669"}],"wp:term":[{"taxonomy":"category","embeddable":true,"href":"https:\/\/www.brazilianpress.com\/v1\/wp-json\/wp\/v2\/categories?post=46669"},{"taxonomy":"post_tag","embeddable":true,"href":"https:\/\/www.brazilianpress.com\/v1\/wp-json\/wp\/v2\/tags?post=46669"}],"curies":[{"name":"wp","href":"https:\/\/api.w.org\/{rel}","templated":true}]}}