{"id":46711,"date":"2020-12-18T10:41:51","date_gmt":"2020-12-18T14:41:51","guid":{"rendered":"https:\/\/www.brazilianpress.com\/v1\/?p=46711"},"modified":"2020-12-18T16:42:23","modified_gmt":"2020-12-18T20:42:23","slug":"ao-culpar-a-sociedade-civil-pelas-queimadas-e-nao-proteger-os-indios-brasil-vence-premio-fossil-do-ano","status":"publish","type":"post","link":"https:\/\/www.brazilianpress.com\/v1\/2020\/12\/18\/ao-culpar-a-sociedade-civil-pelas-queimadas-e-nao-proteger-os-indios-brasil-vence-premio-fossil-do-ano\/","title":{"rendered":"Ao culpar a sociedade civil pelas queimadas e n\u00e3o proteger os \u00edndios, Brasil vence pr\u00eamio F\u00f3ssil do Ano"},"content":{"rendered":"<p><strong>O governo brasileiro foi escolhido como vencedor em duas categorias do pr\u00eamio &#8220;F\u00f3ssil do Ano&#8221;. Ao todo, a premia\u00e7\u00e3o concedeu cinco &#8220;estatuetas&#8221; e o Brasil teve a companhia de Austr\u00e1lia e Estados Unidos entre os vencedores.<\/strong><\/p>\n<p>O pr\u00eamio \u00e9 tradicionalmente concedido durante as confer\u00eancias do clima da ONU\u00a0e \u00e9 organizado pela Climate Action Network (CAN). Por causa da pandemia, a confer\u00eancia n\u00e3o foi realizada em 2020, mas a CAN celebrou uma edi\u00e7\u00e3o especial para destacar os pa\u00edses que \u201cfizeram o melhor para serem os piores\u201d nos \u00faltimos cinco anos.<\/p>\n<p>O Brasil venceu na categoria \u201cN\u00e3o proteger as pessoas dos Impactos Clim\u00e1ticos\u201d. A escolha foi justificada pelos organizadores diante do que apontam como um esfor\u00e7o do governo Bolsonaro em destruir os ecossistemas brasileiros e n\u00e3o proteger os povos ind\u00edgenas das queimadas e dos efeitos da mudan\u00e7a do clima.<\/p>\n<p>O segundo pr\u00eamio foi concedido na categoria \u201cReduzir o espa\u00e7o da sociedade civil\u201d. Os organizadores destacam a repress\u00e3o aos grupos da sociedade civil que resistem \u00e0s pol\u00edticas de desmonte ambiental e lutam pelos direitos das comunidades ind\u00edgenas.<\/p>\n<p>No quesito, o destaque foi para o plano do Conselho Nacional da Amaz\u00f4nia Legal, coordenado pelo vice-presidente, general Hamilton Mour\u00e3o, que pretende, por meio de um marco regulat\u00f3rio, ter o \u201ccontrole\u201d de 100% das ONGs que atuam na regi\u00e3o at\u00e9 2022.<\/p>\n<p>&#8220;A sociedade civil, apesar das amea\u00e7as, precisa se fortalecer para pressionar, nacional e internacionalmente, por medidas efetivas de redu\u00e7\u00e3o nas emiss\u00f5es, pela preserva\u00e7\u00e3o das florestas e prote\u00e7\u00e3o dos ind\u00edgenas\u201d, disse Nayara Castiglioni Amaral, coordenadora-geral do Engajamundo, que recebeu os pr\u00eamios.<\/p>\n<p>A Austr\u00e1lia foi a vencedora na categoria \u201cN\u00e3o honrar a meta de 1,5\u00b0C\u201d por defender o carv\u00e3o mineral e se recusar a adotar uma meta de neutraliza\u00e7\u00e3o de emiss\u00f5es.<\/p>\n<p>Os EUA venceram por \u201cn\u00e3o prover financiamento clim\u00e1tico\u201d e ainda levaram o pr\u00eamio m\u00e1ximo \u201cF\u00f3ssil Colossal\u201d por terem abandonado o Acordo de Paris. No ano passado, o grande pr\u00eamio ficou com o Brasil, por &#8220;culpar ambientalistas pelas queimadas na Amaz\u00f4nia&#8221;.<\/p>\n","protected":false},"excerpt":{"rendered":"<p>O governo brasileiro foi escolhido como vencedor em duas categorias do pr\u00eamio &#8220;F\u00f3ssil do Ano&#8221;. Ao todo, a premia\u00e7\u00e3o concedeu cinco &#8220;estatuetas&#8221; e o Brasil teve a companhia de Austr\u00e1lia e Estados Unidos entre os vencedores. O pr\u00eamio \u00e9 tradicionalmente concedido durante as confer\u00eancias do clima da ONU\u00a0e \u00e9 organizado pela Climate Action Network (CAN). Por causa da pandemia, a confer\u00eancia n\u00e3o foi realizada em 2020, mas a CAN celebrou uma edi\u00e7\u00e3o especial para destacar os pa\u00edses que \u201cfizeram o melhor para serem os piores\u201d nos \u00faltimos cinco anos. O Brasil venceu na categoria \u201cN\u00e3o proteger as pessoas dos Impactos [&hellip;]<\/p>\n","protected":false},"author":1,"featured_media":46712,"comment_status":"open","ping_status":"open","sticky":false,"template":"","format":"standard","meta":{"_links_to":"","_links_to_target":""},"categories":[7,1],"tags":[],"views":3451,"_links":{"self":[{"href":"https:\/\/www.brazilianpress.com\/v1\/wp-json\/wp\/v2\/posts\/46711"}],"collection":[{"href":"https:\/\/www.brazilianpress.com\/v1\/wp-json\/wp\/v2\/posts"}],"about":[{"href":"https:\/\/www.brazilianpress.com\/v1\/wp-json\/wp\/v2\/types\/post"}],"author":[{"embeddable":true,"href":"https:\/\/www.brazilianpress.com\/v1\/wp-json\/wp\/v2\/users\/1"}],"replies":[{"embeddable":true,"href":"https:\/\/www.brazilianpress.com\/v1\/wp-json\/wp\/v2\/comments?post=46711"}],"version-history":[{"count":1,"href":"https:\/\/www.brazilianpress.com\/v1\/wp-json\/wp\/v2\/posts\/46711\/revisions"}],"predecessor-version":[{"id":46713,"href":"https:\/\/www.brazilianpress.com\/v1\/wp-json\/wp\/v2\/posts\/46711\/revisions\/46713"}],"wp:featuredmedia":[{"embeddable":true,"href":"https:\/\/www.brazilianpress.com\/v1\/wp-json\/wp\/v2\/media\/46712"}],"wp:attachment":[{"href":"https:\/\/www.brazilianpress.com\/v1\/wp-json\/wp\/v2\/media?parent=46711"}],"wp:term":[{"taxonomy":"category","embeddable":true,"href":"https:\/\/www.brazilianpress.com\/v1\/wp-json\/wp\/v2\/categories?post=46711"},{"taxonomy":"post_tag","embeddable":true,"href":"https:\/\/www.brazilianpress.com\/v1\/wp-json\/wp\/v2\/tags?post=46711"}],"curies":[{"name":"wp","href":"https:\/\/api.w.org\/{rel}","templated":true}]}}