{"id":46714,"date":"2020-12-18T11:43:23","date_gmt":"2020-12-18T15:43:23","guid":{"rendered":"https:\/\/www.brazilianpress.com\/v1\/?p=46714"},"modified":"2020-12-18T16:48:23","modified_gmt":"2020-12-18T20:48:23","slug":"artista-emergente-baiana-anuncia-realizacao-de-projeto-debutante","status":"publish","type":"post","link":"https:\/\/www.brazilianpress.com\/v1\/2020\/12\/18\/artista-emergente-baiana-anuncia-realizacao-de-projeto-debutante\/","title":{"rendered":"Artista Emergente Baiana anuncia Realizacao de Projeto Debutante"},"content":{"rendered":"<p><strong>Redacao BP- Isabele Barbosa, artista da improvisa\u00e7\u00e3o, produz desenhos e pinturas que em sua maioria retratam rostos de mulheres negras\/negres, com algumas ocorr\u00eancias de homens, pouqu\u00edssimas de rostos brancos, e em 2020 se v\u00ea diante de rostos ind\u00edgenas\/indigenes, devido a proximidade com o tema da valoriza\u00e7\u00e3o ind\u00edgena neste ano.<\/strong><\/p>\n<p>Os rostos tem fei\u00e7\u00f5es s\u00e9rias, descontentes, debochadas, ou com ar de satisfa\u00e7\u00e3o em si mesmas.<\/p>\n<p><img loading=\"lazy\" class=\"alignnone size-full wp-image-46716\" src=\"https:\/\/www.brazilianpress.com\/v1\/wp-content\/uploads\/2020\/12\/Foto-2-Materia-Comunidade-1.jpg\" alt=\"\" width=\"261\" height=\"450\" srcset=\"https:\/\/www.brazilianpress.com\/v1\/wp-content\/uploads\/2020\/12\/Foto-2-Materia-Comunidade-1.jpg 261w, https:\/\/www.brazilianpress.com\/v1\/wp-content\/uploads\/2020\/12\/Foto-2-Materia-Comunidade-1-174x300.jpg 174w\" sizes=\"(max-width: 261px) 100vw, 261px\" \/><\/p>\n<p>A artista relata abordar temas que envolvem sua rotina e sentimentos: repulsa contra o machismo, a lgbt+fobia\/transfobia\/homofobia, contra a heteronormatividade, o racismo a opress\u00e3o, o facismo.<\/p>\n<p>E o afeto para o reconhecimento de si mesma como importante, a ancestralidade v\u00edvida em seu corpo e nos corpos, a uni\u00e3o e o se dar conta de que pertence ao universo (a vis\u00e3o hol\u00edstica de ser), a valoriza\u00e7\u00e3o da exist\u00eancia ind\u00edgena e negra, os corpos n\u00e3o bin\u00e1rios que muitas vezes ela enxerga em suas composi\u00e7\u00f5es, e o m\u00edstico.<\/p>\n<p><img loading=\"lazy\" class=\"alignnone size-full wp-image-46717\" src=\"https:\/\/www.brazilianpress.com\/v1\/wp-content\/uploads\/2020\/12\/Foto-3-Materia-Comunidade-1.jpg\" alt=\"\" width=\"451\" height=\"450\" srcset=\"https:\/\/www.brazilianpress.com\/v1\/wp-content\/uploads\/2020\/12\/Foto-3-Materia-Comunidade-1.jpg 451w, https:\/\/www.brazilianpress.com\/v1\/wp-content\/uploads\/2020\/12\/Foto-3-Materia-Comunidade-1-300x300.jpg 300w, https:\/\/www.brazilianpress.com\/v1\/wp-content\/uploads\/2020\/12\/Foto-3-Materia-Comunidade-1-150x150.jpg 150w, https:\/\/www.brazilianpress.com\/v1\/wp-content\/uploads\/2020\/12\/Foto-3-Materia-Comunidade-1-180x180.jpg 180w, https:\/\/www.brazilianpress.com\/v1\/wp-content\/uploads\/2020\/12\/Foto-3-Materia-Comunidade-1-400x400.jpg 400w\" sizes=\"(max-width: 451px) 100vw, 451px\" \/><\/p>\n<p>Aborda tamb\u00e9m a valoriza\u00e7\u00e3o do pixo, que \u00e9 uma arte de rua, que comunica, deixa legado e se faz presente nas ruas de Salvador, onde reside. Nos seus riscos sempre h\u00e1 rostos, e esse reconhecimento atrav\u00e9s do olhar, e da fala \u00e9 o que chamam aten\u00e7\u00e3o.<\/p>\n<p>Os riscos sempre comunicam sentimento. Mesmo ao fazer no papel ou digital, uma arte pr\u00f3pria da rua, se sente revolucionando os ideais acad\u00eamicos, levando a abstrac\u00e3o e a arte de se comunicar para a valoriza\u00e7\u00e3o dos que n\u00e3o s\u00e3o valorizados como importantes, inteligentes e multiplicadores, atuantes na cultura.<\/p>\n<p><img loading=\"lazy\" class=\"alignnone size-full wp-image-46718\" src=\"https:\/\/www.brazilianpress.com\/v1\/wp-content\/uploads\/2020\/12\/Foto-4-Materia-Comunidade-1.jpg\" alt=\"\" width=\"444\" height=\"450\" srcset=\"https:\/\/www.brazilianpress.com\/v1\/wp-content\/uploads\/2020\/12\/Foto-4-Materia-Comunidade-1.jpg 444w, https:\/\/www.brazilianpress.com\/v1\/wp-content\/uploads\/2020\/12\/Foto-4-Materia-Comunidade-1-296x300.jpg 296w\" sizes=\"(max-width: 444px) 100vw, 444px\" \/><\/p>\n<p><strong>A arte \u00e9 fundamental.<\/strong><\/p>\n<p>Entre as abstra\u00e7\u00f5es h\u00e1 as mandalas, e entre as muitas produ\u00e7\u00f5es: h\u00e1 arquitetura baseada em constru\u00e7\u00f5es antigas vistas desde as \u00e1reas do centro hist\u00f3rico at\u00e9 outros bairros, e constru\u00e7\u00f5es perif\u00e9ricas.<\/p>\n<p>Estudante da Universidade Federal da Bahia (UFBA) pra licenciar dan\u00e7a, aproveita algumas etapas dos semestres para cursar mat\u00e9rias na Escola de Belas Artes (EBA), na mesma universidade.<\/p>\n<p>No momento, al\u00e9m de atuar em projetos de dan\u00e7a, onde trabalha a improvisa\u00e7\u00e3o, se organiza para futuras exposi\u00e7\u00f5es de artes visuais pelos centros culturais da cidade, e at\u00e9 mesmo fora dela.<\/p>\n<p>Conheca o universo artistico dessa jovem talentosa visitando seu Instagram: @isabeledsb ou via email:\u00a0isabeledsbarbosa@gmail.com<\/p>\n","protected":false},"excerpt":{"rendered":"<p>Redacao BP- Isabele Barbosa, artista da improvisa\u00e7\u00e3o, produz desenhos e pinturas que em sua maioria retratam rostos de mulheres negras\/negres, com algumas ocorr\u00eancias de homens, pouqu\u00edssimas de rostos brancos, e em 2020 se v\u00ea diante de rostos ind\u00edgenas\/indigenes, devido a proximidade com o tema da valoriza\u00e7\u00e3o ind\u00edgena neste ano. Os rostos tem fei\u00e7\u00f5es s\u00e9rias, descontentes, debochadas, ou com ar de satisfa\u00e7\u00e3o em si mesmas. A artista relata abordar temas que envolvem sua rotina e sentimentos: repulsa contra o machismo, a lgbt+fobia\/transfobia\/homofobia, contra a heteronormatividade, o racismo a opress\u00e3o, o facismo. E o afeto para o reconhecimento de si mesma como [&hellip;]<\/p>\n","protected":false},"author":1,"featured_media":46715,"comment_status":"open","ping_status":"open","sticky":false,"template":"","format":"standard","meta":{"_links_to":"","_links_to_target":""},"categories":[4,1],"tags":[],"views":2678,"_links":{"self":[{"href":"https:\/\/www.brazilianpress.com\/v1\/wp-json\/wp\/v2\/posts\/46714"}],"collection":[{"href":"https:\/\/www.brazilianpress.com\/v1\/wp-json\/wp\/v2\/posts"}],"about":[{"href":"https:\/\/www.brazilianpress.com\/v1\/wp-json\/wp\/v2\/types\/post"}],"author":[{"embeddable":true,"href":"https:\/\/www.brazilianpress.com\/v1\/wp-json\/wp\/v2\/users\/1"}],"replies":[{"embeddable":true,"href":"https:\/\/www.brazilianpress.com\/v1\/wp-json\/wp\/v2\/comments?post=46714"}],"version-history":[{"count":1,"href":"https:\/\/www.brazilianpress.com\/v1\/wp-json\/wp\/v2\/posts\/46714\/revisions"}],"predecessor-version":[{"id":46719,"href":"https:\/\/www.brazilianpress.com\/v1\/wp-json\/wp\/v2\/posts\/46714\/revisions\/46719"}],"wp:featuredmedia":[{"embeddable":true,"href":"https:\/\/www.brazilianpress.com\/v1\/wp-json\/wp\/v2\/media\/46715"}],"wp:attachment":[{"href":"https:\/\/www.brazilianpress.com\/v1\/wp-json\/wp\/v2\/media?parent=46714"}],"wp:term":[{"taxonomy":"category","embeddable":true,"href":"https:\/\/www.brazilianpress.com\/v1\/wp-json\/wp\/v2\/categories?post=46714"},{"taxonomy":"post_tag","embeddable":true,"href":"https:\/\/www.brazilianpress.com\/v1\/wp-json\/wp\/v2\/tags?post=46714"}],"curies":[{"name":"wp","href":"https:\/\/api.w.org\/{rel}","templated":true}]}}