{"id":4703,"date":"2013-12-19T13:23:06","date_gmt":"2013-12-19T17:23:06","guid":{"rendered":"http:\/\/www.brazilianpress.com\/v1\/?p=4703"},"modified":"2013-12-27T10:17:46","modified_gmt":"2013-12-27T14:17:46","slug":"especial-de-natal-qual-a-melhor-coisa-que-te-aconteceu-em-2013","status":"publish","type":"post","link":"https:\/\/www.brazilianpress.com\/v1\/2013\/12\/19\/especial-de-natal-qual-a-melhor-coisa-que-te-aconteceu-em-2013\/","title":{"rendered":"Especial de Natal: qual a melhor coisa que te aconteceu em 2013?"},"content":{"rendered":"<p><img loading=\"lazy\" class=\"alignnone size-full wp-image-4704\" alt=\"destaque enquete 1658\" src=\"http:\/\/www.brazilianpress.com\/v1\/wp-content\/uploads\/2013\/12\/destaque-enquete-1658.jpg\" width=\"500\" height=\"324\" srcset=\"https:\/\/www.brazilianpress.com\/v1\/wp-content\/uploads\/2013\/12\/destaque-enquete-1658.jpg 500w, https:\/\/www.brazilianpress.com\/v1\/wp-content\/uploads\/2013\/12\/destaque-enquete-1658-300x194.jpg 300w\" sizes=\"(max-width: 500px) 100vw, 500px\" \/><\/p>\n<p><b><span style=\"text-decoration: underline;\">Roger Costa<\/span><\/b>&#8211; \u00c9 tempo de Natal, tempo de celebrarmos o nascimento de Jesus Cristo, Salvador da Humanidade, a uni\u00e3o em fam\u00edlia e as coisas boas que aconteceram durante o ano que passou. Mesmo com dificuldades, perdas, tristezas e desafios, o ano certamente trouxe momentos de alegrias, vit\u00f3rias, conquistas, realiza\u00e7\u00f5es que ficar\u00e3o na mem\u00f3ria de cada um. Conversei com pessoas em nossa comunidade para fazer um balan\u00e7o do ano 2013, e destacar os melhores momentos pessoais de cada um. A Equipe Brazilian Press deseja a todos um Feliz Natal cheio de Paz, Sa\u00fade e Confraterniza\u00e7\u00e3o!<!--more--><\/p>\n<p><strong><img loading=\"lazy\" class=\"alignnone size-full wp-image-4707\" alt=\"enquete 1658 20131219 (1)\" src=\"http:\/\/www.brazilianpress.com\/v1\/wp-content\/uploads\/2013\/12\/enquete-1658-20131219-1.jpg\" width=\"450\" height=\"338\" srcset=\"https:\/\/www.brazilianpress.com\/v1\/wp-content\/uploads\/2013\/12\/enquete-1658-20131219-1.jpg 450w, https:\/\/www.brazilianpress.com\/v1\/wp-content\/uploads\/2013\/12\/enquete-1658-20131219-1-300x225.jpg 300w\" sizes=\"(max-width: 450px) 100vw, 450px\" \/><br \/>\nDaniella Arantes, 35 anos.<\/strong><\/p>\n<p>\u201cA melhor coisa que me aconteceu em 2013 foi receber meus pais por 2 meses aqui nos Estados Unidos, depois de 7 anos lidando com a dist\u00e2ncia. Foi lindo demais!\u201d<\/p>\n<p><strong><img loading=\"lazy\" class=\"alignnone size-full wp-image-4713\" alt=\"enquete 1658 20131219 (7)\" src=\"http:\/\/www.brazilianpress.com\/v1\/wp-content\/uploads\/2013\/12\/enquete-1658-20131219-7.jpg\" width=\"450\" height=\"598\" srcset=\"https:\/\/www.brazilianpress.com\/v1\/wp-content\/uploads\/2013\/12\/enquete-1658-20131219-7.jpg 450w, https:\/\/www.brazilianpress.com\/v1\/wp-content\/uploads\/2013\/12\/enquete-1658-20131219-7-225x300.jpg 225w\" sizes=\"(max-width: 450px) 100vw, 450px\" \/><br \/>\nPaulo Moreira, 48 anos, goiano.<\/strong><\/p>\n<p>\u201cSem d\u00favidas, a melhor conquista foi a t\u00e3o sonhada CDL (carteira para dirigir caminh\u00f5es), mas durante o ano tive v\u00e1rios momentos inesquec\u00edveis, como por exemplo trabalhar na companhia de boas pessoas em um restaurante, onde tive a oportunidade de fazer novas amizades, e o mais importante \u00e9 pude manter minha f\u00e9 em Deus durante todo o ano, frequentemente visitando minha Igreja para agradecer a Deus pelas b\u00ean\u00e7\u00e3os.\u201d<\/p>\n<p><strong><img loading=\"lazy\" class=\"alignnone size-full wp-image-4714\" alt=\"enquete 1658 20131219 (8)\" src=\"http:\/\/www.brazilianpress.com\/v1\/wp-content\/uploads\/2013\/12\/enquete-1658-20131219-8.jpg\" width=\"450\" height=\"450\" srcset=\"https:\/\/www.brazilianpress.com\/v1\/wp-content\/uploads\/2013\/12\/enquete-1658-20131219-8.jpg 450w, https:\/\/www.brazilianpress.com\/v1\/wp-content\/uploads\/2013\/12\/enquete-1658-20131219-8-150x150.jpg 150w, https:\/\/www.brazilianpress.com\/v1\/wp-content\/uploads\/2013\/12\/enquete-1658-20131219-8-300x300.jpg 300w\" sizes=\"(max-width: 450px) 100vw, 450px\" \/><br \/>\nEder Ara\u00fajo, 29 Anos, mineiro.<\/strong><\/p>\n<p>\u201cPara mim 2013 foi um pouco complicado, tive que tomar muitas decis\u00f5es e houve muitas mudan\u00e7as na minha vida, por\u00e9m no segundo semestre tudo come\u00e7ou a melhorar, com novas oportunidades pessoais e profissionais. A melhor coisa que me aconteceu foi ter conhecido minha namorada Paula, uma pessoa que a cada dia se torna mais especial na minha vida\u201d<\/p>\n<p><strong><img loading=\"lazy\" class=\"alignnone size-full wp-image-4715\" alt=\"enquete 1658 20131219 (9)\" src=\"http:\/\/www.brazilianpress.com\/v1\/wp-content\/uploads\/2013\/12\/enquete-1658-20131219-9.jpg\" width=\"450\" height=\"600\" srcset=\"https:\/\/www.brazilianpress.com\/v1\/wp-content\/uploads\/2013\/12\/enquete-1658-20131219-9.jpg 450w, https:\/\/www.brazilianpress.com\/v1\/wp-content\/uploads\/2013\/12\/enquete-1658-20131219-9-225x300.jpg 225w\" sizes=\"(max-width: 450px) 100vw, 450px\" \/><br \/>\nChristiane Can\u00e7ado, 42 anos, mineira.<\/strong><\/p>\n<p>\u201cEm 2013 tive grandes realiza\u00e7\u00f5es. Comemorei 4 anos de EUA, comprei minha pr\u00f3pria casa em NJ, celebrei meus 42 anos, mas principalmente realizei o sonho de conhecer pessoalmente um grande \u00eddolo: Luciano Hulk. Sempre o admirei muito, acompanho seu trabalho desde que era menina e por isso minha admira\u00e7\u00e3o cresceu com o passar dos anos. Ningu\u00e9m acreditava que conseguiria conhec\u00ea-lo um dia. Finalmente consegui conhec\u00ea-lo, quando ele esteve em NY para fazer um especial de TV. Como qualquer outra f\u00e3 abracei, tirei fotos e fiquei muito emocionada. Por isso considero o ano de 2013 inesquec\u00edvel, com realiza\u00e7\u00f5es, comemora\u00e7\u00f5es e muita energia positiva para nunca perdermos a f\u00e9.\u201d<\/p>\n<p><strong><img loading=\"lazy\" class=\"alignnone size-full wp-image-4716\" alt=\"enquete 1658 20131219 (10)\" src=\"http:\/\/www.brazilianpress.com\/v1\/wp-content\/uploads\/2013\/12\/enquete-1658-20131219-10-e1387473451520.jpg\" width=\"448\" height=\"327\" srcset=\"https:\/\/www.brazilianpress.com\/v1\/wp-content\/uploads\/2013\/12\/enquete-1658-20131219-10-e1387473451520.jpg 448w, https:\/\/www.brazilianpress.com\/v1\/wp-content\/uploads\/2013\/12\/enquete-1658-20131219-10-e1387473451520-300x218.jpg 300w\" sizes=\"(max-width: 448px) 100vw, 448px\" \/><br \/>\nElaine Costa, 33 anos, Queens, NY<\/strong><\/p>\n<p>\u201c2013 foi um ano de muitos altos e baixos! Mas um ano bom e melhor do que o ano passado. No momento, penso que uma das melhores coisas foi redescobrir o amor, amar e ser amada! Apesar das dificuldades deste amor, o qual nasceu do nada, vendo um jogo de Futebol, jogo decisivo Galo x Maria, o qual tamb\u00e9m levou meu time a ser campe\u00e3o da Libertadores&#8230;Galoooo&#8230; Sinto que \u00e9 um amor de verdade, mesmo diante de todas as dificuldades que vir\u00e3o!! Que seja eterno enquanto dure, e se for apenas um sonho, que eu demore mais um pouquinho para acordar!\u201d<\/p>\n<p><img loading=\"lazy\" class=\"alignnone size-full wp-image-4717\" alt=\"enquete 1658 20131219 (11)\" src=\"http:\/\/www.brazilianpress.com\/v1\/wp-content\/uploads\/2013\/12\/enquete-1658-20131219-11-e1387473530260.jpg\" width=\"450\" height=\"249\" srcset=\"https:\/\/www.brazilianpress.com\/v1\/wp-content\/uploads\/2013\/12\/enquete-1658-20131219-11-e1387473530260.jpg 450w, https:\/\/www.brazilianpress.com\/v1\/wp-content\/uploads\/2013\/12\/enquete-1658-20131219-11-e1387473530260-300x166.jpg 300w\" sizes=\"(max-width: 450px) 100vw, 450px\" \/><br \/>\n<strong> Kelly Cristina, 35 anos, paulista.<\/strong><\/p>\n<p>\u201cMuitas coisas boas e ruins aconteceram neste ano. Mas a melhor foi ter conseguido trazer minha m\u00e3e, ap\u00f3s 8 anos tentando, das quais 4 vezes o visto havia sido negado, a dona Rose Ribeiro, pode finalmente comemorar uma data especial comigo e meus filhos, como o Thanksgiving. Isto \u00e9 algo muito significativo para mim.\u201d<\/p>\n<p><strong><img loading=\"lazy\" class=\"alignnone size-full wp-image-4718\" alt=\"enquete 1658 20131219 (12)\" src=\"http:\/\/www.brazilianpress.com\/v1\/wp-content\/uploads\/2013\/12\/enquete-1658-20131219-12.jpg\" width=\"450\" height=\"254\" srcset=\"https:\/\/www.brazilianpress.com\/v1\/wp-content\/uploads\/2013\/12\/enquete-1658-20131219-12.jpg 450w, https:\/\/www.brazilianpress.com\/v1\/wp-content\/uploads\/2013\/12\/enquete-1658-20131219-12-300x169.jpg 300w\" sizes=\"(max-width: 450px) 100vw, 450px\" \/><br \/>\nM\u00e1rio Souza, 41 anos, paraense.<\/strong><\/p>\n<p>\u201cSou formado em Guia de Turismo, portanto ter vindo para os EUA, foi a melhor coisa em 2013. Aprendi muito, fiz boas amizades e passei a dar mais valor as coisas pequenas. As amizades que conquistei foram as coisas mais importantes para mim.\u201d<\/p>\n<p><strong><img loading=\"lazy\" class=\"alignnone size-full wp-image-4719\" alt=\"enquete 1658 20131219 (13)\" src=\"http:\/\/www.brazilianpress.com\/v1\/wp-content\/uploads\/2013\/12\/enquete-1658-20131219-13.jpg\" width=\"450\" height=\"300\" srcset=\"https:\/\/www.brazilianpress.com\/v1\/wp-content\/uploads\/2013\/12\/enquete-1658-20131219-13.jpg 450w, https:\/\/www.brazilianpress.com\/v1\/wp-content\/uploads\/2013\/12\/enquete-1658-20131219-13-300x200.jpg 300w\" sizes=\"(max-width: 450px) 100vw, 450px\" \/><br \/>\nDouglas Ferrato, 24 anos, ga\u00facho.<\/strong><\/p>\n<p>\u201cFoi ter casado com a mulher da minha vida, Stephanie. Nos conhecemos no gin\u00e1sio no Brasil, depois nos reencontramos aqui e parecia que a dist\u00e2ncia fez nosso amor crescer ainda mais. Namoramos 5 anos e agora estamos casados. Queremos aproveitar bastante este momento e planejamos um baby para o futuro.\u201d<\/p>\n<p><strong><img loading=\"lazy\" class=\"alignnone size-full wp-image-4706\" alt=\"enquete 1658 20131219 (14)\" src=\"http:\/\/www.brazilianpress.com\/v1\/wp-content\/uploads\/2013\/12\/enquete-1658-20131219-14.jpg\" width=\"450\" height=\"300\" srcset=\"https:\/\/www.brazilianpress.com\/v1\/wp-content\/uploads\/2013\/12\/enquete-1658-20131219-14.jpg 450w, https:\/\/www.brazilianpress.com\/v1\/wp-content\/uploads\/2013\/12\/enquete-1658-20131219-14-300x200.jpg 300w\" sizes=\"(max-width: 450px) 100vw, 450px\" \/><br \/>\nLeonardo Brand\u00e3o, 35 anos, carioca.<\/strong><\/p>\n<p>\u201cFoi ter vindo para os EUA, reencontrar minha m\u00e3e e buscar melhores oportunidades profissionais. Estou gostando muito, inclusive a beleza da natureza, a neve. Tenho ambi\u00e7\u00e3o em crescer, sem passar por cima de ningu\u00e9m, para dar um futuro melhor a minha filha.\u201d<\/p>\n<p><strong><img loading=\"lazy\" class=\"alignnone size-full wp-image-4708\" alt=\"enquete 1658 20131219 (2)\" src=\"http:\/\/www.brazilianpress.com\/v1\/wp-content\/uploads\/2013\/12\/enquete-1658-20131219-2.jpg\" width=\"450\" height=\"300\" srcset=\"https:\/\/www.brazilianpress.com\/v1\/wp-content\/uploads\/2013\/12\/enquete-1658-20131219-2.jpg 450w, https:\/\/www.brazilianpress.com\/v1\/wp-content\/uploads\/2013\/12\/enquete-1658-20131219-2-300x200.jpg 300w\" sizes=\"(max-width: 450px) 100vw, 450px\" \/><br \/>\nPaulo Romano Neto, 33 anos, goiano.<\/strong><\/p>\n<p>\u201cA melhor coisa foi ter feito uma mudan\u00e7a de lugar, vim para Newark, e aqui encontrei melhorias emocional e financeira, estou ao lado de minha fam\u00edlia, apesar de que minha esposa voltou para o Brasil. Tamb\u00e9m consegui derrubar todas as barreiras que me incomodavam!\u201d<\/p>\n<p><strong><img loading=\"lazy\" class=\"alignnone size-full wp-image-4709\" alt=\"enquete 1658 20131219 (3)\" src=\"http:\/\/www.brazilianpress.com\/v1\/wp-content\/uploads\/2013\/12\/enquete-1658-20131219-3.jpg\" width=\"450\" height=\"300\" srcset=\"https:\/\/www.brazilianpress.com\/v1\/wp-content\/uploads\/2013\/12\/enquete-1658-20131219-3.jpg 450w, https:\/\/www.brazilianpress.com\/v1\/wp-content\/uploads\/2013\/12\/enquete-1658-20131219-3-300x200.jpg 300w\" sizes=\"(max-width: 450px) 100vw, 450px\" \/><br \/>\nMicaeli Pinto, 8 anos, ga\u00facha.<\/strong><\/p>\n<p>\u201cConhecer o pa\u00eds, comemorar festas com a minha fam\u00edlia, me diverti muito no Chuck and Cheese, e pela primeira vez montei a \u00e1rvore de Natal.\u201d<\/p>\n<p><strong><img loading=\"lazy\" class=\"alignnone size-full wp-image-4710\" alt=\"enquete 1658 20131219 (4)\" src=\"http:\/\/www.brazilianpress.com\/v1\/wp-content\/uploads\/2013\/12\/enquete-1658-20131219-4.jpg\" width=\"450\" height=\"300\" srcset=\"https:\/\/www.brazilianpress.com\/v1\/wp-content\/uploads\/2013\/12\/enquete-1658-20131219-4.jpg 450w, https:\/\/www.brazilianpress.com\/v1\/wp-content\/uploads\/2013\/12\/enquete-1658-20131219-4-300x200.jpg 300w\" sizes=\"(max-width: 450px) 100vw, 450px\" \/><br \/>\nCristiane Salazar, 47 anos, mineira.<\/strong><\/p>\n<p>\u201cDepois de 10 anos longe das comemora\u00e7\u00f5es importantes de fam\u00edlia, pude ir ao Brasil comparecer ao casamento de minha sobrinha onde tive a honra de ser a madrinha. Isso me trouxe muita alegria, estar ao lado dos meus familiares num momento t\u00e3o importante!\u201d<\/p>\n<p><strong><img loading=\"lazy\" class=\"alignnone size-full wp-image-4711\" alt=\"enquete 1658 20131219 (5)\" src=\"http:\/\/www.brazilianpress.com\/v1\/wp-content\/uploads\/2013\/12\/enquete-1658-20131219-5.jpg\" width=\"450\" height=\"300\" srcset=\"https:\/\/www.brazilianpress.com\/v1\/wp-content\/uploads\/2013\/12\/enquete-1658-20131219-5.jpg 450w, https:\/\/www.brazilianpress.com\/v1\/wp-content\/uploads\/2013\/12\/enquete-1658-20131219-5-300x200.jpg 300w\" sizes=\"(max-width: 450px) 100vw, 450px\" \/><br \/>\nAna Cristina, reporter da Veja TV, mineira.<\/strong><\/p>\n<p>\u201cA melhor coisa que me aconteceu foi a visita de Myriam e Maria Luiza Vianna, m\u00e3e e irm\u00e3 do meu marido Jo\u00e3o Vianna, que ap\u00f3s 8 anos separados pela dist\u00e2ncia, vieram nos prestigiar e trazer momentos felizes e inesquec\u00edveis.\u201d<\/p>\n<p><strong><img loading=\"lazy\" class=\"alignnone size-full wp-image-4712\" alt=\"enquete 1658 20131219 (6)\" src=\"http:\/\/www.brazilianpress.com\/v1\/wp-content\/uploads\/2013\/12\/enquete-1658-20131219-6.jpg\" width=\"450\" height=\"300\" srcset=\"https:\/\/www.brazilianpress.com\/v1\/wp-content\/uploads\/2013\/12\/enquete-1658-20131219-6.jpg 450w, https:\/\/www.brazilianpress.com\/v1\/wp-content\/uploads\/2013\/12\/enquete-1658-20131219-6-300x200.jpg 300w\" sizes=\"(max-width: 450px) 100vw, 450px\" \/><br \/>\nAninha Freitas, 20 anos, paulista.<\/strong><\/p>\n<p>\u201cTer pulado de paraquedas, pois me proporcionou uma sensa\u00e7\u00e3o indescrit\u00edvel de liberdade, uma sensa\u00e7\u00e3o t\u00e3o gostosa, que d\u00e1 vontade de ficar l\u00e1 no alto. Tamb\u00e9m fiquei muito emocionada ao receber meus pais de surpresa para comemorar meu anivers\u00e1rio, depois de um bom tempo cheia de saudades\u201d.<\/p>\n","protected":false},"excerpt":{"rendered":"<p>Roger Costa&#8211; \u00c9 tempo de Natal, tempo de celebrarmos o nascimento de Jesus Cristo, Salvador da Humanidade, a uni\u00e3o em fam\u00edlia e as coisas boas que aconteceram durante o ano que passou. Mesmo com dificuldades, perdas, tristezas e desafios, o ano certamente trouxe momentos de alegrias, vit\u00f3rias, conquistas, realiza\u00e7\u00f5es que ficar\u00e3o na mem\u00f3ria de cada um. Conversei com pessoas em nossa comunidade para fazer um balan\u00e7o do ano 2013, e destacar os melhores momentos pessoais de cada um. A Equipe Brazilian Press deseja a todos um Feliz Natal cheio de Paz, Sa\u00fade e Confraterniza\u00e7\u00e3o!<\/p>\n","protected":false},"author":1,"featured_media":4704,"comment_status":"open","ping_status":"open","sticky":false,"template":"","format":"standard","meta":{"_links_to":"","_links_to_target":""},"categories":[4,1],"tags":[],"views":4991,"_links":{"self":[{"href":"https:\/\/www.brazilianpress.com\/v1\/wp-json\/wp\/v2\/posts\/4703"}],"collection":[{"href":"https:\/\/www.brazilianpress.com\/v1\/wp-json\/wp\/v2\/posts"}],"about":[{"href":"https:\/\/www.brazilianpress.com\/v1\/wp-json\/wp\/v2\/types\/post"}],"author":[{"embeddable":true,"href":"https:\/\/www.brazilianpress.com\/v1\/wp-json\/wp\/v2\/users\/1"}],"replies":[{"embeddable":true,"href":"https:\/\/www.brazilianpress.com\/v1\/wp-json\/wp\/v2\/comments?post=4703"}],"version-history":[{"count":4,"href":"https:\/\/www.brazilianpress.com\/v1\/wp-json\/wp\/v2\/posts\/4703\/revisions"}],"predecessor-version":[{"id":4791,"href":"https:\/\/www.brazilianpress.com\/v1\/wp-json\/wp\/v2\/posts\/4703\/revisions\/4791"}],"wp:featuredmedia":[{"embeddable":true,"href":"https:\/\/www.brazilianpress.com\/v1\/wp-json\/wp\/v2\/media\/4704"}],"wp:attachment":[{"href":"https:\/\/www.brazilianpress.com\/v1\/wp-json\/wp\/v2\/media?parent=4703"}],"wp:term":[{"taxonomy":"category","embeddable":true,"href":"https:\/\/www.brazilianpress.com\/v1\/wp-json\/wp\/v2\/categories?post=4703"},{"taxonomy":"post_tag","embeddable":true,"href":"https:\/\/www.brazilianpress.com\/v1\/wp-json\/wp\/v2\/tags?post=4703"}],"curies":[{"name":"wp","href":"https:\/\/api.w.org\/{rel}","templated":true}]}}