{"id":47414,"date":"2021-02-19T17:39:51","date_gmt":"2021-02-19T21:39:51","guid":{"rendered":"https:\/\/www.brazilianpress.com\/v1\/?p=47414"},"modified":"2021-02-19T17:39:51","modified_gmt":"2021-02-19T21:39:51","slug":"reforma-da-imigracao-democratas-apresentam-seu-projeto-de-lei-ao-congresso","status":"publish","type":"post","link":"https:\/\/www.brazilianpress.com\/v1\/2021\/02\/19\/reforma-da-imigracao-democratas-apresentam-seu-projeto-de-lei-ao-congresso\/","title":{"rendered":"Reforma da imigra\u00e7\u00e3o: Democratas apresentam seu projeto de lei ao Congresso"},"content":{"rendered":"<p><strong>Os democratas apresentaram na quinta-feira, um projeto de lei que inclui as diretrizes de imigra\u00e7\u00e3o anunciadas pelo presidente Joe Biden em seu primeiro dia no comando do pa\u00eds. O senador Bob Men\u00e9ndez e a deputada Linda S\u00e1nchez s\u00e3o respons\u00e1veis \u200b\u200bpela entrega do projeto, que se tornou a proposta carro-chefe do governo Biden.<\/strong><\/p>\n<p>Nosso sistema atual \u00e9 ineficiente e cheio de crueldade\u201d, disse o senador Men\u00e9ndez, filho de imigrantes cubanos.\u00a0 O projeto de lei, apelidado de \u201c Lei de Cidadania dos EUA de 2021 \u201d, inclui um caminho para a cidadania de 11 milh\u00f5es de imigrantes indocumentados, expande o programa de refugiados e designa financiamento federal para o uso de novas tecnologias na seguran\u00e7a das fronteiras, entre outras coisas.<\/p>\n<p>\u201cTemos 11 milh\u00f5es de pessoas trabalhando e apoiando fam\u00edlias sem documentos legais. S\u00e3o pessoas boas e trabalhadoras, s\u00e3o as pessoas que recolhem e embalam os nossos alimentos, s\u00e3o trabalhadores essenciais e, no entanto, vivem com medo constante da deporta\u00e7\u00e3o \u201d, disse Men\u00e9ndez. &#8220;\u00c9 hora de tir\u00e1-los das sombras.&#8221;\u00a0 A iniciativa tamb\u00e9m conta com o apoio dos congressistas Zoe Lofgren, Lucille Roybal-Allard, Nydia Vel\u00e1zquez, Judy Chu, Ra\u00fal Ruiz, Yvette Clarke e Yvette Clarke, al\u00e9m dos senadores Amy Klobuchar, Alex Padilla e Ben Ray Luj\u00e1n.<\/p>\n<p>Os pontos mais importantes do plano de reforma da imigra\u00e7\u00e3o de Biden:<\/p>\n<ul>\n<li>&#8211; Cria um caminho de 8 anos para obter a cidadania dos EUA para 11 milh\u00f5es de imigrantes indocumentados que entraram no pa\u00eds antes de 1\u00ba de janeiro de 2021.<\/li>\n<li>&#8211; Os imigrantes indocumentados podem ter status legal tempor\u00e1rio por cinco anos, em seguida, solicitar resid\u00eancia permanente e, tr\u00eas anos depois, solicitar a cidadania.<\/li>\n<li>&#8211; Para os jovens indocumentados conhecidos como \u201csonhadores\u201d que j\u00e1 t\u00eam uma situa\u00e7\u00e3o legal tempor\u00e1ria obtida em\/ou ap\u00f3s 1 de janeiro de 2017, eles poder\u00e3o solicitar a resid\u00eancia permanente se puderem comprovar por meio da documenta\u00e7\u00e3o suas contribui\u00e7\u00f5es de trabalho dos \u00faltimos anos.<\/li>\n<li>&#8211; Pessoas com Status de Prote\u00e7\u00e3o Tempor\u00e1ria (TPS) tamb\u00e9m podem solicitar resid\u00eancia permanente.<\/li>\n<li>&#8211; Todas as comunica\u00e7\u00f5es oficiais do governo federal usar\u00e3o a defini\u00e7\u00e3o &#8220;n\u00e3o cidad\u00e3o&#8221; em vez de &#8220;estrangeiro&#8221; para pessoas que vivem no pa\u00eds sem status legal.<\/li>\n<li>&#8211; Esposas e filhos de residentes permanentes estar\u00e3o isentos de fazer parte das cotas de visto permitidas a cada ano fiscal para vir morar nos Estados Unidos.<\/li>\n<li>&#8211; As cotas para parentes de residentes permanentes que buscam morar nos Estados Unidos ser\u00e3o aumentadas.<\/li>\n<li>&#8211; Elimina a proibi\u00e7\u00e3o de reentrar nos Estados Unidos por um per\u00edodo de 3 a 10 anos para imigrantes que permaneceram no pa\u00eds sem um visto v\u00e1lido.<\/li>\n<li>&#8211; Permite que condados e munic\u00edpios solicitem vistos de trabalho adicionais para impulsionar a economia de sua regi\u00e3o.<\/li>\n<\/ul>\n<p>\u201cOs imigrantes s\u00e3o bons para a nossa comunidade, para a nossa economia e para o nosso pa\u00eds\u201d, disse a congressista S\u00e1nchez, filha de imigrantes mexicanos, que apresentar\u00e1 o projeto na C\u00e2mara dos Deputados. Autoridades do governo Biden disseram em uma conversa com jornalistas que este projeto \u00e9 uma oportunidade para &#8220;reiniciar as negocia\u00e7\u00f5es sobre a reforma da imigra\u00e7\u00e3o ap\u00f3s os \u00faltimos quatro anos&#8221;, em alus\u00e3o ao governo de Donald Trump, que promoveu o slogan &#8220;Estados Unidos primeiro&#8221; e era muito cr\u00edtico em rela\u00e7\u00e3o \u00e0 imigra\u00e7\u00e3o.<\/p>\n<p>O documento busca promover a reunifica\u00e7\u00e3o de fam\u00edlias, especialmente grupos familiares LGBTQ +, e permitir que pessoas com pedidos de patroc\u00ednio aprovados se re\u00fanam temporariamente com seus entes queridos nos Estados Unidos, enquanto aguardam as autoriza\u00e7\u00f5es de resid\u00eancia. Funcion\u00e1rios do governo Biden enfatizaram que a iniciativa tamb\u00e9m visa abordar as causas da imigra\u00e7\u00e3o com &#8220;medidas fortes&#8221; para perseguir o tr\u00e1fico de drogas e a expans\u00e3o de grupos de trabalho contra gangues transnacionais, e n\u00e3o se concentrar\u00e1 apenas em um muro na fronteira.<\/p>\n<p>Para ser aprovado na C\u00e2mara Alta, o projeto de lei proposto por Biden deve obter todos os votos democratas no Senado, 50, e garantir 10 votos republicanos. Caso contr\u00e1rio, estar\u00e1 fadado ao fracasso, como aconteceu com as tentativas de regulariza\u00e7\u00e3o em anos anteriores. Sobre a vota\u00e7\u00e3o no Senado, onde precisam do apoio de pelo menos 10 republicanos, Menendez disse que n\u00e3o se trata de apostar no &#8220;tudo ou nada&#8221;, mas que os democratas querem aprovar uma legisla\u00e7\u00e3o &#8220;robusta&#8221;.\u00a0 &#8220;N\u00e3o faremos concess\u00f5es desde o in\u00edcio&#8221;, disse Menendez.<\/p>\n","protected":false},"excerpt":{"rendered":"<p>Os democratas apresentaram na quinta-feira, um projeto de lei que inclui as diretrizes de imigra\u00e7\u00e3o anunciadas pelo presidente Joe Biden em seu primeiro dia no comando do pa\u00eds. O senador Bob Men\u00e9ndez e a deputada Linda S\u00e1nchez s\u00e3o respons\u00e1veis \u200b\u200bpela entrega do projeto, que se tornou a proposta carro-chefe do governo Biden. Nosso sistema atual \u00e9 ineficiente e cheio de crueldade\u201d, disse o senador Men\u00e9ndez, filho de imigrantes cubanos.\u00a0 O projeto de lei, apelidado de \u201c Lei de Cidadania dos EUA de 2021 \u201d, inclui um caminho para a cidadania de 11 milh\u00f5es de imigrantes indocumentados, expande o programa de [&hellip;]<\/p>\n","protected":false},"author":1,"featured_media":47415,"comment_status":"open","ping_status":"open","sticky":false,"template":"","format":"standard","meta":{"_links_to":"","_links_to_target":""},"categories":[4,3,1],"tags":[],"views":1213,"_links":{"self":[{"href":"https:\/\/www.brazilianpress.com\/v1\/wp-json\/wp\/v2\/posts\/47414"}],"collection":[{"href":"https:\/\/www.brazilianpress.com\/v1\/wp-json\/wp\/v2\/posts"}],"about":[{"href":"https:\/\/www.brazilianpress.com\/v1\/wp-json\/wp\/v2\/types\/post"}],"author":[{"embeddable":true,"href":"https:\/\/www.brazilianpress.com\/v1\/wp-json\/wp\/v2\/users\/1"}],"replies":[{"embeddable":true,"href":"https:\/\/www.brazilianpress.com\/v1\/wp-json\/wp\/v2\/comments?post=47414"}],"version-history":[{"count":1,"href":"https:\/\/www.brazilianpress.com\/v1\/wp-json\/wp\/v2\/posts\/47414\/revisions"}],"predecessor-version":[{"id":47416,"href":"https:\/\/www.brazilianpress.com\/v1\/wp-json\/wp\/v2\/posts\/47414\/revisions\/47416"}],"wp:featuredmedia":[{"embeddable":true,"href":"https:\/\/www.brazilianpress.com\/v1\/wp-json\/wp\/v2\/media\/47415"}],"wp:attachment":[{"href":"https:\/\/www.brazilianpress.com\/v1\/wp-json\/wp\/v2\/media?parent=47414"}],"wp:term":[{"taxonomy":"category","embeddable":true,"href":"https:\/\/www.brazilianpress.com\/v1\/wp-json\/wp\/v2\/categories?post=47414"},{"taxonomy":"post_tag","embeddable":true,"href":"https:\/\/www.brazilianpress.com\/v1\/wp-json\/wp\/v2\/tags?post=47414"}],"curies":[{"name":"wp","href":"https:\/\/api.w.org\/{rel}","templated":true}]}}