{"id":47417,"date":"2021-02-20T09:32:18","date_gmt":"2021-02-20T13:32:18","guid":{"rendered":"https:\/\/www.brazilianpress.com\/v1\/?p=47417"},"modified":"2021-02-20T09:32:18","modified_gmt":"2021-02-20T13:32:18","slug":"imigracao-estados-unidos-voltam-a-examinar-pedidos-de-asilo","status":"publish","type":"post","link":"https:\/\/www.brazilianpress.com\/v1\/2021\/02\/20\/imigracao-estados-unidos-voltam-a-examinar-pedidos-de-asilo\/","title":{"rendered":"Imigra\u00e7\u00e3o: Estados Unidos voltam a examinar pedidos de asilo"},"content":{"rendered":"<p><strong>A espera terminou para um grupo de 25 migrantes, o primeiro a cruzar nesta sexta-feira, 19, do M\u00e9xico para os Estados Unidos, onde seguir\u00e3o com seu processo de pedido de asilo como parte da nova pol\u00edtica de imigra\u00e7\u00e3o do presidente americano, Joe Biden.\u00a0 Sua entrada a partir da cidade de Tijuana marcou o fim da medida que os obrigou a permanecer no M\u00e9xico enquanto os tribunais americanos respondiam aos seus pedidos.<\/strong><\/p>\n<p>Essa pol\u00edtica foi implementada pelo ex-presidente Donald Trump por meio do Programa de Prote\u00e7\u00e3o ao Migrante (MPP, na sigla em ingl\u00eas).\u00a0 Os migrantes atravessaram em um \u00f4nibus at\u00e9 a cidade de San Diego, nos EUA, acompanhados por funcion\u00e1rios do Alto Comissariado da ONU para Refugiados (Acnur), segundo a ag\u00eancia France Presse.\u00a0 Um oficial encarregado de um abrigo para migrantes em San Diego confirmou por sua vez que essas pessoas j\u00e1 estavam acomodadas em um hotel e que receberiam ajuda para chegar a seus destinos.<\/p>\n<p><img src=\"https:\/\/conteudo.imguol.com.br\/c\/noticias\/19\/2021\/02\/19\/19-fev-2021---migrantes-fazem-fila-na-fronteira-entre-tijuana-e-san-diego-para-buscar-asilo-nos-eua-1613777327343_v2_1920x1279.jpg\" alt=\"Resultado de imagem para pedidos asilo eua\" \/><\/p>\n<p>Para serem benefici\u00e1rios imediatos, os interessados j\u00e1 devem ter um processo de asilo iniciado. \u201cO Acnur \u00e9 quem conduz o processo com o governo do M\u00e9xico, eles definem quem tem um caso ativo perante o juiz de imigra\u00e7\u00e3o ou um recurso\u201d, explicou \u00e0 imprensa Ericka Pi\u00f1ero, advogada da organiza\u00e7\u00e3o de defesa de migrantes Al Otro Lado.<\/p>\n<p><strong>Devolvidos\u00a0<\/strong><\/p>\n<p>Em El Chaparral, Tijuana, v\u00e1rios migrantes passaram a noite ao lado da cerca gradeada que marca a fronteira entre o M\u00e9xico e os Estados Unidos. Havia cerca de 100 centro-americanos e 400 haitianos. Com seus poucos pertences, alguns carregando fam\u00edlias inteiras e usando m\u00e1scaras de prote\u00e7\u00e3o contra a covid-19, eles olharam com esperan\u00e7a para o norte.<\/p>\n<p>A maioria reconheceu que n\u00e3o chegou a iniciar nenhum procedimento formal e apenas tr\u00eas conseguiram cruzar entre aplausos. Por\u00e9m, ficaram nos Estados Unidos por pouco tempo: foram devolvidos sob a alega\u00e7\u00e3o de problemas t\u00e9cnicos. A hondurenha Nelly Maribel Cabrera entrou com seus documentos para uma audi\u00eancia no tribunal que tinha marcada para esta sexta, mas foi adiada para a pr\u00f3xima quarta-feira. \u201cConfio no novo presidente, que ele vai me ouvir e me ajudar porque estou aqui h\u00e1 dois anos\u201d, disse Cabrera depois de ser devolvida ao M\u00e9xico.<\/p>\n<p><img src=\"https:\/\/exame.com\/wp-content\/uploads\/2019\/07\/2019-07-02t201959z_1573247737_rc1733d22760_rtrmadp_3_usa-immigration.jpg?quality=70&amp;strip=info\" alt=\"Resultado de imagem para pedidos asilo eua\" \/><\/p>\n<p><strong>Esperan\u00e7a e decep\u00e7\u00e3o<\/strong><\/p>\n<p>A multid\u00e3o ficou desanimada com a falta de avan\u00e7o ao norte. Ali estava a haitiana Geraldine Nacice, que chegou h\u00e1 dois anos a Tijuana e tem uma filha nascida no M\u00e9xico. \u201cNa verdade, n\u00e3o tenho nada marcado, mas n\u00e3o posso mais ir para o meu pa\u00eds, o Haiti est\u00e1 em guerra agora. Minha fam\u00edlia est\u00e1 esperando por mim\u201d nos Estados Unidos, contou. O cubano Yabdiel \u00c1lvarez tamb\u00e9m teve sua audi\u00eancia agendada para esta sexta adiada, mas n\u00e3o se importa em esperar mais um pouco. \u201cN\u00e3o havia esperan\u00e7a, agora j\u00e1 existe com o novo presidente Joe Biden\u201d, afirma.<\/p>\n<p>Enquanto isso, em Matamoros, na fronteira com Brownsville, onde os primeiros migrantes deveriam deixar um acampamento montado a poucos passos dos EUA, segundo o Acnur, eles come\u00e7ar\u00e3o a travessia na pr\u00f3xima ter\u00e7a-feira. L\u00e1, um grupo de pessoas dos Estados de Guerrero e Chiapas tentou entrar para ser inclu\u00eddo na opera\u00e7\u00e3o, mas o acampamento est\u00e1 fechado desde quinta. Os Estados Unidos pediram para evitar viagens para a fronteira, indicando que apenas aqueles que atenderem aos requisitos de admiss\u00e3o ser\u00e3o chamados de maneira ordenada. Uma autoridade migrat\u00f3ria da Guatemala informou nesta sexta-feira que os pa\u00edses da Am\u00e9rica Central est\u00e3o preparando um plano para uma poss\u00edvel onda de migra\u00e7\u00e3o de haitianos, cubanos, asi\u00e1ticos e africanos para os EUA.<\/p>\n<p>O governo do M\u00e9xico costumava se recusar a receber migrantes deportados de outras nacionalidades, mas com a chegada ao poder do esquerdista Andr\u00e9s Manuel L\u00f3pez Obrador, em dezembro de 2018, o M\u00e9xico se tornou de fato um terceiro pa\u00eds seguro. L\u00f3pez Obrador cedeu \u00e0s press\u00f5es tarif\u00e1rias de Trump, ap\u00f3s as enormes caravanas do fim de 2018 e in\u00edcio de 2019. Foi assim que se consolidou o MPP, atrav\u00e9s do qual cerca de 70 mil pessoas foram devolvidas ao M\u00e9xico entre janeiro de 2019 e dezembro de 2020, segundo organiza\u00e7\u00f5es civis americanas. Segundo o governo mexicano, cerca de 6 mil migrantes permanecem no pa\u00eds como parte do programa &#8220;Permane\u00e7a no M\u00e9xico&#8221;.\/\/ AFP.<\/p>\n","protected":false},"excerpt":{"rendered":"<p>A espera terminou para um grupo de 25 migrantes, o primeiro a cruzar nesta sexta-feira, 19, do M\u00e9xico para os Estados Unidos, onde seguir\u00e3o com seu processo de pedido de asilo como parte da nova pol\u00edtica de imigra\u00e7\u00e3o do presidente americano, Joe Biden.\u00a0 Sua entrada a partir da cidade de Tijuana marcou o fim da medida que os obrigou a permanecer no M\u00e9xico enquanto os tribunais americanos respondiam aos seus pedidos. Essa pol\u00edtica foi implementada pelo ex-presidente Donald Trump por meio do Programa de Prote\u00e7\u00e3o ao Migrante (MPP, na sigla em ingl\u00eas).\u00a0 Os migrantes atravessaram em um \u00f4nibus at\u00e9 a [&hellip;]<\/p>\n","protected":false},"author":1,"featured_media":47418,"comment_status":"open","ping_status":"open","sticky":false,"template":"","format":"standard","meta":{"_links_to":"","_links_to_target":""},"categories":[4,3,1],"tags":[],"views":1212,"_links":{"self":[{"href":"https:\/\/www.brazilianpress.com\/v1\/wp-json\/wp\/v2\/posts\/47417"}],"collection":[{"href":"https:\/\/www.brazilianpress.com\/v1\/wp-json\/wp\/v2\/posts"}],"about":[{"href":"https:\/\/www.brazilianpress.com\/v1\/wp-json\/wp\/v2\/types\/post"}],"author":[{"embeddable":true,"href":"https:\/\/www.brazilianpress.com\/v1\/wp-json\/wp\/v2\/users\/1"}],"replies":[{"embeddable":true,"href":"https:\/\/www.brazilianpress.com\/v1\/wp-json\/wp\/v2\/comments?post=47417"}],"version-history":[{"count":1,"href":"https:\/\/www.brazilianpress.com\/v1\/wp-json\/wp\/v2\/posts\/47417\/revisions"}],"predecessor-version":[{"id":47419,"href":"https:\/\/www.brazilianpress.com\/v1\/wp-json\/wp\/v2\/posts\/47417\/revisions\/47419"}],"wp:featuredmedia":[{"embeddable":true,"href":"https:\/\/www.brazilianpress.com\/v1\/wp-json\/wp\/v2\/media\/47418"}],"wp:attachment":[{"href":"https:\/\/www.brazilianpress.com\/v1\/wp-json\/wp\/v2\/media?parent=47417"}],"wp:term":[{"taxonomy":"category","embeddable":true,"href":"https:\/\/www.brazilianpress.com\/v1\/wp-json\/wp\/v2\/categories?post=47417"},{"taxonomy":"post_tag","embeddable":true,"href":"https:\/\/www.brazilianpress.com\/v1\/wp-json\/wp\/v2\/tags?post=47417"}],"curies":[{"name":"wp","href":"https:\/\/api.w.org\/{rel}","templated":true}]}}