{"id":47481,"date":"2021-02-26T14:10:24","date_gmt":"2021-02-26T18:10:24","guid":{"rendered":"https:\/\/www.brazilianpress.com\/v1\/?p=47481"},"modified":"2021-02-26T14:10:24","modified_gmt":"2021-02-26T18:10:24","slug":"pais-de-105-criancas-imigrantes-que-foram-deportados-sao-encontrados-por-advogados","status":"publish","type":"post","link":"https:\/\/www.brazilianpress.com\/v1\/2021\/02\/26\/pais-de-105-criancas-imigrantes-que-foram-deportados-sao-encontrados-por-advogados\/","title":{"rendered":"Pais de 105 crian\u00e7as imigrantes que foram deportados s\u00e3o encontrados por advogados"},"content":{"rendered":"<p><strong>Advogados que trabalham para reunir pais e filhos imigrantes separados pela administra\u00e7\u00e3o Trump relataram na quarta-feira que encontraram os pais de 105 dessas crian\u00e7as no m\u00eas passado. O comit\u00ea gestor de advogados e defensores pro-bono que trabalham na reunifica\u00e7\u00e3o disse que ainda n\u00e3o encontrou os pais de 506 crian\u00e7as, contra 611 em 14 de janeiro de 2021, a \u00faltima vez que relatou dados a um juiz federal que monitora o processo.<\/strong><\/p>\n<p>Dessas 506 crian\u00e7as, os advogados disseram que os pais de cerca de 322 teriam sido deportados dos Estados Unidos, o que torna dif\u00edcil encontra-los.<\/p>\n<p>O juiz n\u00e3o exige que os advogados digam quantos pais e filhos foram realmente reunidos.<\/p>\n<p>O governo Biden formou recentemente uma for\u00e7a-tarefa que colocar\u00e1 a responsabilidade de encontrar e reunir fam\u00edlias separadas pelo governo Trump, principalmente sob a &#8220;pol\u00edtica de toler\u00e2ncia zero&#8221; de 2018, nas m\u00e3os do governo federal.<\/p>\n<p><img src=\"https:\/\/cdn.cnn.com\/cnnnext\/dam\/assets\/200617225007-03-migrant-children-detention-center-file-photo-06262019-super-tease.jpg\" alt=\"Judge rules migrant children in government family detention centers must be  released due to coronavirus - CNNPolitics\" \/><\/p>\n<p>Em seu processo judicial na quarta-feira, os advogados que representam as fam\u00edlias separadas e que trabalham para reuni-las disseram que trabalhariam com a for\u00e7a-tarefa no futuro.<\/p>\n<p>Os advogados do Departamento de Justi\u00e7a disseram esperar que a for\u00e7a-tarefa &#8220;resolva muitas, sen\u00e3o todas, as quest\u00f5es pendentes&#8221; relacionadas ao processo judicial do Distrito Sul da Calif\u00f3rnia que resultou no processo de reunifica\u00e7\u00e3o supervisionado por ju\u00edzes.<\/p>\n<p>Um dos motivos pelos quais tem sido t\u00e3o dif\u00edcil encontrar pais que foram separados de seus filhos \u00e9 que muitos concordaram em ser deportados sem seus filhos para permitir que eles permanecessem nos Estados Unidos para solicitar asilo, dizem seus advogados.<\/p>\n<p>Lee Gelernt, vice-diretor do Immigrant Rights Project da ACLU e advogado que representa as fam\u00edlias separadas no processo, disse que a for\u00e7a-tarefa deve se comprometer a trazer os pais deportados de volta aos Estados Unidos sob prote\u00e7\u00e3o especial para poder se reunir com seus filhos.<\/p>\n","protected":false},"excerpt":{"rendered":"<p>Advogados que trabalham para reunir pais e filhos imigrantes separados pela administra\u00e7\u00e3o Trump relataram na quarta-feira que encontraram os pais de 105 dessas crian\u00e7as no m\u00eas passado. O comit\u00ea gestor de advogados e defensores pro-bono que trabalham na reunifica\u00e7\u00e3o disse que ainda n\u00e3o encontrou os pais de 506 crian\u00e7as, contra 611 em 14 de janeiro de 2021, a \u00faltima vez que relatou dados a um juiz federal que monitora o processo. Dessas 506 crian\u00e7as, os advogados disseram que os pais de cerca de 322 teriam sido deportados dos Estados Unidos, o que torna dif\u00edcil encontra-los. O juiz n\u00e3o exige que [&hellip;]<\/p>\n","protected":false},"author":1,"featured_media":47482,"comment_status":"open","ping_status":"open","sticky":false,"template":"","format":"standard","meta":{"_links_to":"","_links_to_target":""},"categories":[4,3,1],"tags":[],"views":1059,"_links":{"self":[{"href":"https:\/\/www.brazilianpress.com\/v1\/wp-json\/wp\/v2\/posts\/47481"}],"collection":[{"href":"https:\/\/www.brazilianpress.com\/v1\/wp-json\/wp\/v2\/posts"}],"about":[{"href":"https:\/\/www.brazilianpress.com\/v1\/wp-json\/wp\/v2\/types\/post"}],"author":[{"embeddable":true,"href":"https:\/\/www.brazilianpress.com\/v1\/wp-json\/wp\/v2\/users\/1"}],"replies":[{"embeddable":true,"href":"https:\/\/www.brazilianpress.com\/v1\/wp-json\/wp\/v2\/comments?post=47481"}],"version-history":[{"count":1,"href":"https:\/\/www.brazilianpress.com\/v1\/wp-json\/wp\/v2\/posts\/47481\/revisions"}],"predecessor-version":[{"id":47483,"href":"https:\/\/www.brazilianpress.com\/v1\/wp-json\/wp\/v2\/posts\/47481\/revisions\/47483"}],"wp:featuredmedia":[{"embeddable":true,"href":"https:\/\/www.brazilianpress.com\/v1\/wp-json\/wp\/v2\/media\/47482"}],"wp:attachment":[{"href":"https:\/\/www.brazilianpress.com\/v1\/wp-json\/wp\/v2\/media?parent=47481"}],"wp:term":[{"taxonomy":"category","embeddable":true,"href":"https:\/\/www.brazilianpress.com\/v1\/wp-json\/wp\/v2\/categories?post=47481"},{"taxonomy":"post_tag","embeddable":true,"href":"https:\/\/www.brazilianpress.com\/v1\/wp-json\/wp\/v2\/tags?post=47481"}],"curies":[{"name":"wp","href":"https:\/\/api.w.org\/{rel}","templated":true}]}}