{"id":47487,"date":"2021-02-26T17:08:31","date_gmt":"2021-02-26T21:08:31","guid":{"rendered":"https:\/\/www.brazilianpress.com\/v1\/?p=47487"},"modified":"2021-02-26T17:08:31","modified_gmt":"2021-02-26T21:08:31","slug":"pausa-nas-deportacoes-imposta-por-biden-e-proibida-por-juiz-federal","status":"publish","type":"post","link":"https:\/\/www.brazilianpress.com\/v1\/2021\/02\/26\/pausa-nas-deportacoes-imposta-por-biden-e-proibida-por-juiz-federal\/","title":{"rendered":"Pausa nas deporta\u00e7\u00f5es imposta por Biden \u00e9 proibida por juiz federal"},"content":{"rendered":"<p><strong>Um juiz federal proibiu indefinidamente a administra\u00e7\u00e3o do presidente Joe Biden de impor uma morat\u00f3ria de 100 dias \u00e0 maioria das deporta\u00e7\u00f5es. O juiz do Distrito Federal, Drew Tipton, emitiu uma liminar na ter\u00e7a-feira, solicitada pelo Texas, que argumentou que a morat\u00f3ria violava a lei federal e corria o risco de impor custos adicionais ao estado.<\/strong><\/p>\n<p>Biden prop\u00f4s uma pausa de 100 dias nas deporta\u00e7\u00f5es durante sua campanha como parte de uma revis\u00e3o mais ampla da aplica\u00e7\u00e3o da lei de imigra\u00e7\u00e3o e uma tentativa de reverter as prioridades do ex-presidente Donald Trump.\u00a0Biden prop\u00f4s um projeto de lei de imigra\u00e7\u00e3o\u00a0abrangente\u00a0que permitiria a legaliza\u00e7\u00e3o de aproximadamente 11 milh\u00f5es de pessoas que vivem ilegalmente nos Estados Unidos.\u00a0Tamb\u00e9m instituiu outras diretrizes sobre a quem os agentes de imigra\u00e7\u00e3o e de fronteira devem recorrer para a aplica\u00e7\u00e3o.<\/p>\n<p><img loading=\"lazy\" class=\"alignnone size-full wp-image-47043\" src=\"https:\/\/www.brazilianpress.com\/v1\/wp-content\/uploads\/2021\/01\/joe-binde-presidente-eua.jpg\" alt=\"\" width=\"696\" height=\"450\" srcset=\"https:\/\/www.brazilianpress.com\/v1\/wp-content\/uploads\/2021\/01\/joe-binde-presidente-eua.jpg 696w, https:\/\/www.brazilianpress.com\/v1\/wp-content\/uploads\/2021\/01\/joe-binde-presidente-eua-300x194.jpg 300w\" sizes=\"(max-width: 696px) 100vw, 696px\" \/><\/p>\n<p>Tipton, nomeado por Trump, decidiu inicialmente em 26 de janeiro que a morat\u00f3ria violava a lei federal sobre procedimentos administrativos e que os Estados Unidos n\u00e3o demonstraram por que uma pausa na deporta\u00e7\u00e3o era justificada.\u00a0Uma ordem de restri\u00e7\u00e3o tempor\u00e1ria emitida pelo juiz expirou ter\u00e7a-feira.<\/p>\n<p>A decis\u00e3o de Tipton n\u00e3o exigia que as deporta\u00e7\u00f5es fossem retomadas ao ritmo anterior.\u00a0Mesmo sem uma morat\u00f3ria, as ag\u00eancias de imigra\u00e7\u00e3o t\u00eam ampla latitude para for\u00e7ar deporta\u00e7\u00f5es e processar casos.<\/p>\n<p>Mas nos dias que se seguiram \u00e0 sua decis\u00e3o, as autoridades deportaram 15 pessoas para a Jamaica e outras centenas para a Am\u00e9rica Central.\u00a0O governo Biden tamb\u00e9m continuou a expulsar imigrantes em um processo separado iniciado por funcion\u00e1rios de Trump, que invocaram a lei de sa\u00fade p\u00fablica por causa da pandemia do coronav\u00edrus.<\/p>\n<p>A luta legal pela proibi\u00e7\u00e3o de deporta\u00e7\u00e3o \u00e9 um dos primeiros sinais da oposi\u00e7\u00e3o republicana \u00e0s prioridades de imigra\u00e7\u00e3o de Biden, assim como os democratas e grupos legais pr\u00f3-imigrantes lutaram contra as propostas de Trump. Quase quatro anos antes da ordem de Tipton, Trump assinou uma proibi\u00e7\u00e3o da entrada de viajantes de sete pa\u00edses com popula\u00e7\u00e3o predominantemente mu\u00e7ulmana, o que causou o caos nos aeroportos. Grupos jur\u00eddicos processaram com sucesso para impedir a implementa\u00e7\u00e3o da proibi\u00e7\u00e3o. N\u00e3o ficou claro se o governo Biden apelar\u00e1 da \u00faltima decis\u00e3o de Tipton.\u00a0O Departamento de Justi\u00e7a n\u00e3o solicitou a suspens\u00e3o da ordem de restri\u00e7\u00e3o tempor\u00e1ria anterior de Tipton.<\/p>\n","protected":false},"excerpt":{"rendered":"<p>Um juiz federal proibiu indefinidamente a administra\u00e7\u00e3o do presidente Joe Biden de impor uma morat\u00f3ria de 100 dias \u00e0 maioria das deporta\u00e7\u00f5es. O juiz do Distrito Federal, Drew Tipton, emitiu uma liminar na ter\u00e7a-feira, solicitada pelo Texas, que argumentou que a morat\u00f3ria violava a lei federal e corria o risco de impor custos adicionais ao estado. Biden prop\u00f4s uma pausa de 100 dias nas deporta\u00e7\u00f5es durante sua campanha como parte de uma revis\u00e3o mais ampla da aplica\u00e7\u00e3o da lei de imigra\u00e7\u00e3o e uma tentativa de reverter as prioridades do ex-presidente Donald Trump.\u00a0Biden prop\u00f4s um projeto de lei de imigra\u00e7\u00e3o\u00a0abrangente\u00a0que permitiria [&hellip;]<\/p>\n","protected":false},"author":1,"featured_media":47488,"comment_status":"open","ping_status":"open","sticky":false,"template":"","format":"standard","meta":{"_links_to":"","_links_to_target":""},"categories":[4,3,1],"tags":[],"views":1081,"_links":{"self":[{"href":"https:\/\/www.brazilianpress.com\/v1\/wp-json\/wp\/v2\/posts\/47487"}],"collection":[{"href":"https:\/\/www.brazilianpress.com\/v1\/wp-json\/wp\/v2\/posts"}],"about":[{"href":"https:\/\/www.brazilianpress.com\/v1\/wp-json\/wp\/v2\/types\/post"}],"author":[{"embeddable":true,"href":"https:\/\/www.brazilianpress.com\/v1\/wp-json\/wp\/v2\/users\/1"}],"replies":[{"embeddable":true,"href":"https:\/\/www.brazilianpress.com\/v1\/wp-json\/wp\/v2\/comments?post=47487"}],"version-history":[{"count":1,"href":"https:\/\/www.brazilianpress.com\/v1\/wp-json\/wp\/v2\/posts\/47487\/revisions"}],"predecessor-version":[{"id":47489,"href":"https:\/\/www.brazilianpress.com\/v1\/wp-json\/wp\/v2\/posts\/47487\/revisions\/47489"}],"wp:featuredmedia":[{"embeddable":true,"href":"https:\/\/www.brazilianpress.com\/v1\/wp-json\/wp\/v2\/media\/47488"}],"wp:attachment":[{"href":"https:\/\/www.brazilianpress.com\/v1\/wp-json\/wp\/v2\/media?parent=47487"}],"wp:term":[{"taxonomy":"category","embeddable":true,"href":"https:\/\/www.brazilianpress.com\/v1\/wp-json\/wp\/v2\/categories?post=47487"},{"taxonomy":"post_tag","embeddable":true,"href":"https:\/\/www.brazilianpress.com\/v1\/wp-json\/wp\/v2\/tags?post=47487"}],"curies":[{"name":"wp","href":"https:\/\/api.w.org\/{rel}","templated":true}]}}