{"id":47492,"date":"2021-02-27T09:34:56","date_gmt":"2021-02-27T13:34:56","guid":{"rendered":"https:\/\/www.brazilianpress.com\/v1\/?p=47492"},"modified":"2021-02-27T09:34:56","modified_gmt":"2021-02-27T13:34:56","slug":"contra-pandemia-camara-dos-eua-aprova-pacote-de-estimulo-de-us-19-trilhao-de-biden","status":"publish","type":"post","link":"https:\/\/www.brazilianpress.com\/v1\/2021\/02\/27\/contra-pandemia-camara-dos-eua-aprova-pacote-de-estimulo-de-us-19-trilhao-de-biden\/","title":{"rendered":"Contra pandemia, C\u00e2mara dos EUA aprova pacote de est\u00edmulo de US$ 1,9 trilh\u00e3o de Biden"},"content":{"rendered":"<p><strong>O presidente dos Estados Unidos, Joe Biden, conquistou na madrugada deste s\u00e1bado (27\/02) sua primeira vit\u00f3ria legislativa com a aprova\u00e7\u00e3o da C\u00e2mara dos Representantes a um pacote de ajuda de 1,9 trilh\u00e3o de d\u00f3lares para enfrentar a crise econ\u00f4mica provocada pela pandemia de covid-19.<\/strong><\/p>\n<p>Com maioria democrata, a C\u00e2mara aprovou o projeto por 219 votos a favor e 212 contra. Esse ser\u00e1 o terceiro pacote de resgate, voltado a estimular a economia e conter o aumento do desemprego, implementado no pa\u00eds em menos de um ano. A proposta segue agora para vota\u00e7\u00e3o no Senado, onde os democratas planejam uma manobra legislativa para aprov\u00e1-la sem precisar do apoio de republicanos.<\/p>\n<p>Esse \u00e9 o primeiro projeto impulsionado pelo governo Biden. Chamado de &#8220;Plano de resgate americano&#8221;, o pacote de ajuda inclui 415 bilh\u00f5es de d\u00f3lares para impulsionar a resposta ao coronav\u00edrus e a vacina\u00e7\u00e3o contra a covid-19, cerca de 1 trilh\u00e3o de d\u00f3lares em al\u00edvio direto \u00e0s fam\u00edlias, e cerca de 440 bilh\u00f5es de d\u00f3lares para pequenas empresas e comunidades particularmente atingidas pela pandemia.<\/p>\n<p><img src=\"https:\/\/static.politico.com\/dims4\/default\/02e430a\/2147483647\/resize\/1160x%3E\/quality\/90\/?url=https%3A%2F%2Fstatic.politico.com%2Ff1%2Fcf%2F1f8233f04249a57caecc0d147b4a%2F20210226-joe-biden-ap-773.jpg\" alt=\"Biden promised a 'fair and humane' immigration overhaul. What he inherited  is a mess. - POLITICO\" \/><\/p>\n<p><strong>Aux\u00edlio emergencial e benef\u00edcios a desempregados<\/strong><\/p>\n<p>Entre as medidas foi estipulado pagamentos diretos de 1,4 mil d\u00f3lares (cerca de R$ 7,8 mil) a grande partes dos americanos, que se somariam aos 600 d\u00f3lares pagos como parte do pacote anti-covid de 900 bilh\u00f5es de d\u00f3lares aprovado pelo Congresso no m\u00eas passado \u2013 totalizando 2 mil d\u00f3lares.<\/p>\n<p>Com quase 11 milh\u00f5es de pessoas desempregadas em todo o pa\u00eds, os benef\u00edcios suplementares para desempregados tamb\u00e9m aumentariam, dos 300 d\u00f3lares por semana atuais para 400 d\u00f3lares, e seriam estendidos at\u00e9 final de agosto. Al\u00e9m disso, a medida prev\u00ea o aumento dos subs\u00eddios federais para plano de sa\u00fade.<\/p>\n<p>Os democratas argumentaram que a aprova\u00e7\u00e3o do pacote era necess\u00e1ria para minimizar os impactos econ\u00f4micos da pandemia. &#8220;Os americanos precisam saber que seu governo est\u00e1 l\u00e1 para eles&#8221;, ressaltou a presidente da C\u00e2mara dos Representantes, a democrata Nancy Pelosi.<\/p>\n<p>J\u00e1 os republicanos alegam que o pacote de ajuda \u00e9 muito caro e carece de recursos voltados a investimentos para a reabertura de escolas. Os esfor\u00e7os do governo Biden de elaborar um pacote de resgate bipartid\u00e1rio, como os aprovados em 2020, fracassaram.<\/p>\n<p><strong>Aumento do sal\u00e1rio m\u00ednimo<\/strong><\/p>\n<p>O pacote encontrou tamb\u00e9m resist\u00eancia por parte de alguns democratas. Um dos principais pontos de disc\u00f3rdia foi a inclus\u00e3o no projeto de um aumento do sal\u00e1rio m\u00ednimo federal, passado dos atuais 7,25 d\u00f3lares \u00e0 hora para 15 d\u00f3lares \u00e0 hora at\u00e9 2025 \u2013 uma das promessas eleitorais de Biden.<\/p>\n<p>Com a ida para a vota\u00e7\u00e3o no Senado, os democratas dever\u00e3o decidir se mant\u00e9m o aumento na proposta, o que pode dificultar a aprova\u00e7\u00e3o do plano na Casa devido \u00e0 divis\u00e3o do partido sobre a quest\u00e3o. Apesar de terem o controle da Casa, ao menos dois senadores democratas j\u00e1 se manifestaram contra o aumento e afirmaram que votariam ao lado dos republicanos, o que daria a maioria para a oposi\u00e7\u00e3o.<\/p>\n<p>Pelosi afirmou que o pacote de resgate ser\u00e1 aprovado com ou sem o aumento do sal\u00e1rio m\u00ednimo e destacou que os democratas n\u00e3o desistir\u00e3o da proposta salarial. Os Estados Unidos s\u00e3o o pa\u00eds mais afetado pela pandemia. De acordo com a Universidade Johns Hopkins, foram registrados mais de 28, 4 milh\u00f5es de casos da doen\u00e7a nos EUA e 510 mil mortes.<\/p>\n","protected":false},"excerpt":{"rendered":"<p>O presidente dos Estados Unidos, Joe Biden, conquistou na madrugada deste s\u00e1bado (27\/02) sua primeira vit\u00f3ria legislativa com a aprova\u00e7\u00e3o da C\u00e2mara dos Representantes a um pacote de ajuda de 1,9 trilh\u00e3o de d\u00f3lares para enfrentar a crise econ\u00f4mica provocada pela pandemia de covid-19. Com maioria democrata, a C\u00e2mara aprovou o projeto por 219 votos a favor e 212 contra. Esse ser\u00e1 o terceiro pacote de resgate, voltado a estimular a economia e conter o aumento do desemprego, implementado no pa\u00eds em menos de um ano. A proposta segue agora para vota\u00e7\u00e3o no Senado, onde os democratas planejam uma manobra [&hellip;]<\/p>\n","protected":false},"author":1,"featured_media":47493,"comment_status":"open","ping_status":"open","sticky":false,"template":"","format":"standard","meta":{"_links_to":"","_links_to_target":""},"categories":[3,1,10],"tags":[],"views":1270,"_links":{"self":[{"href":"https:\/\/www.brazilianpress.com\/v1\/wp-json\/wp\/v2\/posts\/47492"}],"collection":[{"href":"https:\/\/www.brazilianpress.com\/v1\/wp-json\/wp\/v2\/posts"}],"about":[{"href":"https:\/\/www.brazilianpress.com\/v1\/wp-json\/wp\/v2\/types\/post"}],"author":[{"embeddable":true,"href":"https:\/\/www.brazilianpress.com\/v1\/wp-json\/wp\/v2\/users\/1"}],"replies":[{"embeddable":true,"href":"https:\/\/www.brazilianpress.com\/v1\/wp-json\/wp\/v2\/comments?post=47492"}],"version-history":[{"count":1,"href":"https:\/\/www.brazilianpress.com\/v1\/wp-json\/wp\/v2\/posts\/47492\/revisions"}],"predecessor-version":[{"id":47494,"href":"https:\/\/www.brazilianpress.com\/v1\/wp-json\/wp\/v2\/posts\/47492\/revisions\/47494"}],"wp:featuredmedia":[{"embeddable":true,"href":"https:\/\/www.brazilianpress.com\/v1\/wp-json\/wp\/v2\/media\/47493"}],"wp:attachment":[{"href":"https:\/\/www.brazilianpress.com\/v1\/wp-json\/wp\/v2\/media?parent=47492"}],"wp:term":[{"taxonomy":"category","embeddable":true,"href":"https:\/\/www.brazilianpress.com\/v1\/wp-json\/wp\/v2\/categories?post=47492"},{"taxonomy":"post_tag","embeddable":true,"href":"https:\/\/www.brazilianpress.com\/v1\/wp-json\/wp\/v2\/tags?post=47492"}],"curies":[{"name":"wp","href":"https:\/\/api.w.org\/{rel}","templated":true}]}}