{"id":47498,"date":"2021-02-28T09:26:09","date_gmt":"2021-02-28T13:26:09","guid":{"rendered":"https:\/\/www.brazilianpress.com\/v1\/?p=47498"},"modified":"2021-02-28T09:26:09","modified_gmt":"2021-02-28T13:26:09","slug":"covid-19-fda-autoriza-uso-emergencial-de-vacina-de-dose-unica-nos-eua","status":"publish","type":"post","link":"https:\/\/www.brazilianpress.com\/v1\/2021\/02\/28\/covid-19-fda-autoriza-uso-emergencial-de-vacina-de-dose-unica-nos-eua\/","title":{"rendered":"Covid-19: FDA autoriza uso emergencial de vacina de dose \u00fanica nos EUA"},"content":{"rendered":"<p><strong>A ag\u00eancia Reguladora dos Setores de Drogas de Alimentos dos Estados Unidos (FDA, na sigla em ingl\u00eas) autorizou no s\u00e1bado o uso emergencial de uma vacina de dose \u00fanica contra a covid-19. O imunizante \u00e9 produzido pela Johnson &amp; Johnson. A informa\u00e7\u00e3o foi divulgada por diversos canais internacionais de not\u00edcias.<\/strong><\/p>\n<p>De acordo com a emissora brit\u00e2nica BBC, a vacina da Johnson &amp; Johnson \u00e9 uma alternativa menos custosa quando comparada aos outros dois imunizantes aprovados pela FDA: o da Moderna e o da Pfizer. Al\u00e9m de poder ser armazenado numa geladeira comum ao inv\u00e9s de precisar de um congelador, o imunizante da J&amp;J mostrou-se eficaz com apenas uma dose.<\/p>\n<p>Assim como as demais vacinas aprovadas, por\u00e9m, o uso emergencial est\u00e1 liberado apenas para maiores de 18 anos, enfatiza a emissora norte-americana CNN. Segundo estudos, a efic\u00e1cia da vacina da J&amp;J \u00e9 estimada em aproximadamente 67%. Depois da not\u00edcia da aprova\u00e7\u00e3o pela FDA, o presidente dos EUA, Joe Biden, celebrou o fato de o pa\u00eds contar agora com tr\u00eas alternativas para vacinar sua popula\u00e7\u00e3o. At\u00e9 a semana passada, mais de 50 milh\u00f5es de norte-americanos j\u00e1 haviam sido imunizados contra a covid-19. Com 512 mil mortos e mais de 28,5 milh\u00f5es de casos, os EUA s\u00e3o o pa\u00eds mais afetado pela pandemia at\u00e9 o momento.<\/p>\n","protected":false},"excerpt":{"rendered":"<p>A ag\u00eancia Reguladora dos Setores de Drogas de Alimentos dos Estados Unidos (FDA, na sigla em ingl\u00eas) autorizou no s\u00e1bado o uso emergencial de uma vacina de dose \u00fanica contra a covid-19. O imunizante \u00e9 produzido pela Johnson &amp; Johnson. A informa\u00e7\u00e3o foi divulgada por diversos canais internacionais de not\u00edcias. De acordo com a emissora brit\u00e2nica BBC, a vacina da Johnson &amp; Johnson \u00e9 uma alternativa menos custosa quando comparada aos outros dois imunizantes aprovados pela FDA: o da Moderna e o da Pfizer. Al\u00e9m de poder ser armazenado numa geladeira comum ao inv\u00e9s de precisar de um congelador, o [&hellip;]<\/p>\n","protected":false},"author":1,"featured_media":47499,"comment_status":"open","ping_status":"open","sticky":false,"template":"","format":"standard","meta":{"_links_to":"","_links_to_target":""},"categories":[3,1,10],"tags":[],"views":1354,"_links":{"self":[{"href":"https:\/\/www.brazilianpress.com\/v1\/wp-json\/wp\/v2\/posts\/47498"}],"collection":[{"href":"https:\/\/www.brazilianpress.com\/v1\/wp-json\/wp\/v2\/posts"}],"about":[{"href":"https:\/\/www.brazilianpress.com\/v1\/wp-json\/wp\/v2\/types\/post"}],"author":[{"embeddable":true,"href":"https:\/\/www.brazilianpress.com\/v1\/wp-json\/wp\/v2\/users\/1"}],"replies":[{"embeddable":true,"href":"https:\/\/www.brazilianpress.com\/v1\/wp-json\/wp\/v2\/comments?post=47498"}],"version-history":[{"count":1,"href":"https:\/\/www.brazilianpress.com\/v1\/wp-json\/wp\/v2\/posts\/47498\/revisions"}],"predecessor-version":[{"id":47500,"href":"https:\/\/www.brazilianpress.com\/v1\/wp-json\/wp\/v2\/posts\/47498\/revisions\/47500"}],"wp:featuredmedia":[{"embeddable":true,"href":"https:\/\/www.brazilianpress.com\/v1\/wp-json\/wp\/v2\/media\/47499"}],"wp:attachment":[{"href":"https:\/\/www.brazilianpress.com\/v1\/wp-json\/wp\/v2\/media?parent=47498"}],"wp:term":[{"taxonomy":"category","embeddable":true,"href":"https:\/\/www.brazilianpress.com\/v1\/wp-json\/wp\/v2\/categories?post=47498"},{"taxonomy":"post_tag","embeddable":true,"href":"https:\/\/www.brazilianpress.com\/v1\/wp-json\/wp\/v2\/tags?post=47498"}],"curies":[{"name":"wp","href":"https:\/\/api.w.org\/{rel}","templated":true}]}}