{"id":47504,"date":"2021-03-01T14:48:02","date_gmt":"2021-03-01T18:48:02","guid":{"rendered":"https:\/\/www.brazilianpress.com\/v1\/?p=47504"},"modified":"2021-03-01T14:48:02","modified_gmt":"2021-03-01T18:48:02","slug":"morando-nos-eua-ha-7-anos-atriz-fernanda-machado-diz-que-nao-se-sente-imigrante","status":"publish","type":"post","link":"https:\/\/www.brazilianpress.com\/v1\/2021\/03\/01\/morando-nos-eua-ha-7-anos-atriz-fernanda-machado-diz-que-nao-se-sente-imigrante\/","title":{"rendered":"Morando nos EUA h\u00e1 7 anos, atriz Fernanda Machado diz que n\u00e3o se sente imigrante"},"content":{"rendered":"<p><strong>Fernanda Machado deixou o Brasil h\u00e1 7 anos, ap\u00f3s se casar com o empres\u00e1rio Robert Riskin, com quem teve dois filhos: Luca, de 5 anos e Leo, de 8 meses. A atriz e a fam\u00edlia residem em Santa B\u00e1rbara, na Calif\u00f3rnia. &#8220;J\u00e1 nem me sinto mais imigrante&#8221;, afirmou ela.<\/strong><\/p>\n<p>Antes da pandemia de covid-19, o novo coronav\u00edrus, Fernanda, que nasceu em Maring\u00e1 (PR), sempre ficou na ponte a\u00e9rea entre o Brasil e os Estados Unidos. Tudo porque, seus pais, Alice e Joaquim moram em terras brasileiras e costumavam passar algumas temporadas com a filha &#8211; o que precisou ser interrompido por conta da pandemia. A artista ainda lamentou o fato dos pais n\u00e3o conhecerem o neto mais novo, Leo. &#8220;Eles foram embora um pouquinho antes da pandemia come\u00e7ar. Se soubesse o que iria acontecer, teria segurado eles aqui com certeza. Vai fazer um ano que a gente n\u00e3o se v\u00ea. Infelizmente, eles n\u00e3o conhecem o Leo ainda, o que \u00e9 muito, muito, triste&#8221;.<\/p>\n<p><img src=\"https:\/\/www.rbsdirect.com.br\/filestore\/7\/0\/8\/0\/1_f4ca778e3d5b11c\/10807_6baf6dffd162beb.jpg?w=700\" alt=\"Fernanda Machado sobre amamentar filho at\u00e9 os tr\u00eas anos: &quot;Parei de postar  para n\u00e3o gerar pol\u00eamica&quot; | Donna\" \/><\/p>\n<p>Vale lembrar que Fernanda teve uma gravidez de risco. Por conta do estresse da pandemia e a aus\u00eancia dos pais, ela teve placenta pr\u00e9via que \u00e9 quando a placenta provoca obstru\u00e7\u00e3o do colo do \u00fatero. Seu parto precisou ser ces\u00e1rea, e durante o trabalho, ela teve uma hemorragia, o que levou a retirada do \u00fatero: &#8220;Foi absolutamente necess\u00e1rio sen\u00e3o eu perderia a minha vida. Fica aquela tristeza de saber que nunca mais vou ter um beb\u00eazinho na minha barriga, mas a gratid\u00e3o \u00e9 maior que a tristeza. Sou muito grata de estar viva cuidando dos meus filhos&#8221;.<\/p>\n<p><img src=\"https:\/\/stc.ofuxico.com.br\/img\/upload\/noticias\/2020\/06\/12\/fernanda-machado-deu-a-luz_379737_36.jpg\" alt=\"Fernanda Machado fala sobre ado\u00e7\u00e3o e barriga de aluguel | OFuxico\" \/><\/p>\n<p>Seu \u00faltimo trabalho na televis\u00e3o foi em &#8216;Amor \u00e0 Vida&#8217; (2013), Fernanda participou de Impuros (2018), da Globo. A atriz n\u00e3o descarta a volta ao Brasil para atuar, por\u00e9m, ela concretizar\u00e1 sua vontade apenas quando o v\u00edrus for embora: &#8220;Eu adoraria poder me dedicar mais \u00e0 atua\u00e7\u00e3o, mas realmente enquanto a vacina n\u00e3o estiver sendo utilizada em massa, acho dif\u00edcil. N\u00e3o tem como eu entrar no avi\u00e3o com um beb\u00eazinho&#8221;, finalizou. \/\/ UOL.<\/p>\n<p><img src=\"https:\/\/s2.glbimg.com\/Bc__cDYFf68eTDNtSRCD8zi45Cc=\/0x0:819x1024\/984x0\/smart\/filters:strip_icc()\/i.s3.glbimg.com\/v1\/AUTH_e84042ef78cb4708aeebdf1c68c6cbd6\/internal_photos\/bs\/2020\/b\/m\/UimJfiTT2Bh8SsYzd3eA\/fernanda-machado.jpg\" alt=\"Fernanda Machado fala de planos de parto na quarentena, endometriose e das  tentativas para engravidar ap\u00f3s aborto | Famosos | Gshow\" \/><\/p>\n","protected":false},"excerpt":{"rendered":"<p>Fernanda Machado deixou o Brasil h\u00e1 7 anos, ap\u00f3s se casar com o empres\u00e1rio Robert Riskin, com quem teve dois filhos: Luca, de 5 anos e Leo, de 8 meses. A atriz e a fam\u00edlia residem em Santa B\u00e1rbara, na Calif\u00f3rnia. &#8220;J\u00e1 nem me sinto mais imigrante&#8221;, afirmou ela. Antes da pandemia de covid-19, o novo coronav\u00edrus, Fernanda, que nasceu em Maring\u00e1 (PR), sempre ficou na ponte a\u00e9rea entre o Brasil e os Estados Unidos. Tudo porque, seus pais, Alice e Joaquim moram em terras brasileiras e costumavam passar algumas temporadas com a filha &#8211; o que precisou ser interrompido [&hellip;]<\/p>\n","protected":false},"author":1,"featured_media":47505,"comment_status":"open","ping_status":"open","sticky":false,"template":"","format":"standard","meta":{"_links_to":"","_links_to_target":""},"categories":[4,3,1],"tags":[],"views":2042,"_links":{"self":[{"href":"https:\/\/www.brazilianpress.com\/v1\/wp-json\/wp\/v2\/posts\/47504"}],"collection":[{"href":"https:\/\/www.brazilianpress.com\/v1\/wp-json\/wp\/v2\/posts"}],"about":[{"href":"https:\/\/www.brazilianpress.com\/v1\/wp-json\/wp\/v2\/types\/post"}],"author":[{"embeddable":true,"href":"https:\/\/www.brazilianpress.com\/v1\/wp-json\/wp\/v2\/users\/1"}],"replies":[{"embeddable":true,"href":"https:\/\/www.brazilianpress.com\/v1\/wp-json\/wp\/v2\/comments?post=47504"}],"version-history":[{"count":1,"href":"https:\/\/www.brazilianpress.com\/v1\/wp-json\/wp\/v2\/posts\/47504\/revisions"}],"predecessor-version":[{"id":47506,"href":"https:\/\/www.brazilianpress.com\/v1\/wp-json\/wp\/v2\/posts\/47504\/revisions\/47506"}],"wp:featuredmedia":[{"embeddable":true,"href":"https:\/\/www.brazilianpress.com\/v1\/wp-json\/wp\/v2\/media\/47505"}],"wp:attachment":[{"href":"https:\/\/www.brazilianpress.com\/v1\/wp-json\/wp\/v2\/media?parent=47504"}],"wp:term":[{"taxonomy":"category","embeddable":true,"href":"https:\/\/www.brazilianpress.com\/v1\/wp-json\/wp\/v2\/categories?post=47504"},{"taxonomy":"post_tag","embeddable":true,"href":"https:\/\/www.brazilianpress.com\/v1\/wp-json\/wp\/v2\/tags?post=47504"}],"curies":[{"name":"wp","href":"https:\/\/api.w.org\/{rel}","templated":true}]}}