{"id":47507,"date":"2021-03-01T17:34:50","date_gmt":"2021-03-01T21:34:50","guid":{"rendered":"https:\/\/www.brazilianpress.com\/v1\/?p=47507"},"modified":"2021-03-01T17:34:50","modified_gmt":"2021-03-01T21:34:50","slug":"urgente-governo-biden-pode-permitir-que-familias-separadas-na-fronteira-permanecam-nos-eua-diz-secretario","status":"publish","type":"post","link":"https:\/\/www.brazilianpress.com\/v1\/2021\/03\/01\/urgente-governo-biden-pode-permitir-que-familias-separadas-na-fronteira-permanecam-nos-eua-diz-secretario\/","title":{"rendered":"URGENTE: Governo Biden pode permitir que fam\u00edlias separadas na fronteira permane\u00e7am nos EUA, diz secret\u00e1rio"},"content":{"rendered":"<p><strong>O secret\u00e1rio de Seguran\u00e7a Interna dos Estados Unidos, Alejandro Mayorkas, disse nesta segunda-feira, 1\u00b0, que o governo Biden vai considerar permitir que fam\u00edlias de imigrantes separadas na fronteira pelo ex-presidente Donald Trump vivam nos Estados Unidos permanentemente, mas sem prometer\u00a0a elas a chance de garantir a cidadania americana.<\/strong><\/p>\n<p>\u201cVamos explorar caminhos legais para que eles permane\u00e7am nos EUA e atendam \u00e0s necessidades da fam\u00edlia\u201d, disse o principal funcion\u00e1rio da imigra\u00e7\u00e3o do presidente Joe Biden, a jornalistas na Casa Branca. \u201cEstamos agindo da forma mais restauradora poss\u00edvel.\u201d A declara\u00e7\u00e3o n\u00e3o satisfez os advogados de fam\u00edlias separadas que travam uma batalha judicial para reuni-los. Anthony D. Romero, o diretor-executivo da Uni\u00e3o Americana pelas Liberdades Civis (ACLU, na sigla em ingl\u00eas)), elogiou Mayorkas, mas disse que ele n\u00e3o foi longe o suficiente.<\/p>\n<p><img src=\"https:\/\/img.estadao.com.br\/resources\/jpg\/8\/4\/1529453207648.jpg\" alt=\"EUA imigra\u00e7\u00e3o\" \/><\/p>\n<p>\u201cO secret\u00e1rio Mayorkas precisa se livrar de todas as ressalvas e qualifica\u00e7\u00f5es em torno de seu an\u00fancio e seguir em frente com tudo que \u00e9 necess\u00e1rio para consertar o que est\u00e1 errado\u201d, disse Romero. \u201cDevemos restitui\u00e7\u00e3o a eles (fam\u00edlias imigrantes). Isso inclui um caminho permanente para a cidadania, cuidado e recursos para ajud\u00e1-los.&#8221;<\/p>\n<p>Os coment\u00e1rios de Mayorkas ocorreram momentos antes da reuni\u00e3o de Biden por videoconfer\u00eancia com o presidente do M\u00e9xico, Andr\u00e9s Manuel L\u00f3pez Obrador, um dos impulsionadores inesperados, mas essenciais, das pol\u00edticas da era Trump para selar as fronteiras dos EUA para os migrantes, que Biden est\u00e1 tentando agora relaxar. Espera-se que o presidente democrata discuta a pandemia de coronav\u00edrus, reprimindo o tr\u00e1fico de drogas e colaborando em oportunidades econ\u00f4micas com um dos maiores parceiros comerciais de Washington, de acordo com um alto funcion\u00e1rio do governo.<\/p>\n<p><img src=\"https:\/\/cdn.cnn.com\/cnnnext\/dam\/assets\/201110103838-06-biden-admin-possibilities-mayorkas-super-tease.jpg\" alt=\"Alejandro Mayorkas could bring stability to DHS after years of interim  leadership - CNNPolitics\" \/><\/p>\n<p>A discuss\u00e3o, que ocorre poucos dias depois de Biden tentar consertar as rela\u00e7\u00f5es em uma reuni\u00e3o virtual com o primeiro-ministro do Canad\u00e1, Justin Trudeau, tamb\u00e9m se concentrar\u00e1 nos esfor\u00e7os para controlar a migra\u00e7\u00e3o, enquanto o governo Biden enfrenta o aumento do n\u00famero de crian\u00e7as desacompanhadas na fronteira sul.\u00a0 L\u00f3pez Obrador \u00e9 um parceiro cr\u00edtico enquanto Biden busca reverter as pol\u00edticas de fronteira do ex-presidente e fazer da reforma da imigra\u00e7\u00e3o uma pe\u00e7a central de sua agenda.<\/p>\n<p><strong>&#8216;Profundezas da crueldade&#8217;<\/strong><\/p>\n<p>Em seus coment\u00e1rios, Mayorkas denunciou o que chamou de &#8220;as profundezas da crueldade&#8221; impostas pela administra\u00e7\u00e3o de Trump aos migrantes.\u00a0 Ele disse que a separa\u00e7\u00e3o de fam\u00edlias na fronteira era &#8220;o exemplo mais poderoso e doloroso da crueldade que precedeu este governo&#8221; e nomeou um ativista de direitos humanos de longa data como diretor executivo de uma for\u00e7a-tarefa destinada a garantir que as crian\u00e7as sejam reunidas com seus pais.<\/p>\n<p><img src=\"https:\/\/cdnimages01.azureedge.net\/renascenca\/biden-imigracao1701c113defaultlarge_1024.jpg\" alt=\"Biden quer reunir fam\u00edlias separadas na fronteira. \u201cVamos desfazer a  vergonha moral\u201d - Renascen\u00e7a\" \/><\/p>\n<p>Em L\u00f3pez Obrador, no entanto, Biden n\u00e3o est\u00e1 lidando com mais um l\u00edder mundial aliviado, ansioso por reconstruir rela\u00e7\u00f5es e seguir em frente com seu antecessor abrasivo. \u00a0O presidente mexicano ganhou a admira\u00e7\u00e3o de Trump por cooperar com sua agenda de imigra\u00e7\u00e3o linha-dura, uma revers\u00e3o de uma promessa de campanha para proteger os migrantes, feita em parte para evitar as tarifas que Trump amea\u00e7ou impor.<\/p>\n<p>L\u00f3pez Obrador passou a apreciar o governo Trump por sua eventual abordagem indireta das quest\u00f5es de pol\u00edtica interna mexicana e foi um dos \u00faltimos l\u00edderes globais a parabenizar Biden por sua vit\u00f3ria eleitoral. Biden n\u00e3o exigir\u00e1 a\u00e7\u00f5es espec\u00edficas, de acordo com o alto funcion\u00e1rio que falou aos rep\u00f3rteres sob a condi\u00e7\u00e3o de anonimato para discutir a reuni\u00e3o. N\u00e3o est\u00e1 claro como Biden responder\u00e1 ao recente apelo de L\u00f3pez Obrador para criar um novo programa de trabalhadores convidados para mexicanos e centro-americanos nos EUA.\u00a0 Questionada sobre a proposta na segunda-feira, Jen Psaki, a secret\u00e1ria\u00a0de Imprensa da Casa Branca, disse que aumentar o n\u00famero de vistos dispon\u00edveis para trabalhadores convidados exigiria uma a\u00e7\u00e3o do Congresso. A administra\u00e7\u00e3o Biden tamb\u00e9m n\u00e3o considerar\u00e1 compartilhar o fornecimento de vacina dos EUA com o M\u00e9xico, disse Psaki.<\/p>\n","protected":false},"excerpt":{"rendered":"<p>O secret\u00e1rio de Seguran\u00e7a Interna dos Estados Unidos, Alejandro Mayorkas, disse nesta segunda-feira, 1\u00b0, que o governo Biden vai considerar permitir que fam\u00edlias de imigrantes separadas na fronteira pelo ex-presidente Donald Trump vivam nos Estados Unidos permanentemente, mas sem prometer\u00a0a elas a chance de garantir a cidadania americana. \u201cVamos explorar caminhos legais para que eles permane\u00e7am nos EUA e atendam \u00e0s necessidades da fam\u00edlia\u201d, disse o principal funcion\u00e1rio da imigra\u00e7\u00e3o do presidente Joe Biden, a jornalistas na Casa Branca. \u201cEstamos agindo da forma mais restauradora poss\u00edvel.\u201d A declara\u00e7\u00e3o n\u00e3o satisfez os advogados de fam\u00edlias separadas que travam uma batalha judicial [&hellip;]<\/p>\n","protected":false},"author":1,"featured_media":47508,"comment_status":"open","ping_status":"open","sticky":false,"template":"","format":"standard","meta":{"_links_to":"","_links_to_target":""},"categories":[4,3,1],"tags":[],"views":1295,"_links":{"self":[{"href":"https:\/\/www.brazilianpress.com\/v1\/wp-json\/wp\/v2\/posts\/47507"}],"collection":[{"href":"https:\/\/www.brazilianpress.com\/v1\/wp-json\/wp\/v2\/posts"}],"about":[{"href":"https:\/\/www.brazilianpress.com\/v1\/wp-json\/wp\/v2\/types\/post"}],"author":[{"embeddable":true,"href":"https:\/\/www.brazilianpress.com\/v1\/wp-json\/wp\/v2\/users\/1"}],"replies":[{"embeddable":true,"href":"https:\/\/www.brazilianpress.com\/v1\/wp-json\/wp\/v2\/comments?post=47507"}],"version-history":[{"count":1,"href":"https:\/\/www.brazilianpress.com\/v1\/wp-json\/wp\/v2\/posts\/47507\/revisions"}],"predecessor-version":[{"id":47509,"href":"https:\/\/www.brazilianpress.com\/v1\/wp-json\/wp\/v2\/posts\/47507\/revisions\/47509"}],"wp:featuredmedia":[{"embeddable":true,"href":"https:\/\/www.brazilianpress.com\/v1\/wp-json\/wp\/v2\/media\/47508"}],"wp:attachment":[{"href":"https:\/\/www.brazilianpress.com\/v1\/wp-json\/wp\/v2\/media?parent=47507"}],"wp:term":[{"taxonomy":"category","embeddable":true,"href":"https:\/\/www.brazilianpress.com\/v1\/wp-json\/wp\/v2\/categories?post=47507"},{"taxonomy":"post_tag","embeddable":true,"href":"https:\/\/www.brazilianpress.com\/v1\/wp-json\/wp\/v2\/tags?post=47507"}],"curies":[{"name":"wp","href":"https:\/\/api.w.org\/{rel}","templated":true}]}}