{"id":47513,"date":"2021-03-02T15:51:10","date_gmt":"2021-03-02T19:51:10","guid":{"rendered":"https:\/\/www.brazilianpress.com\/v1\/?p=47513"},"modified":"2021-03-02T15:51:10","modified_gmt":"2021-03-02T19:51:10","slug":"mexico-e-eua-vao-avaliar-concessao-de-vistos-a-trabalhadores-mexicanos-diz-lopez-obrador","status":"publish","type":"post","link":"https:\/\/www.brazilianpress.com\/v1\/2021\/03\/02\/mexico-e-eua-vao-avaliar-concessao-de-vistos-a-trabalhadores-mexicanos-diz-lopez-obrador\/","title":{"rendered":"M\u00e9xico e EUA v\u00e3o avaliar concess\u00e3o de vistos a trabalhadores mexicanos, diz L\u00f3pez Obrador"},"content":{"rendered":"<p><strong>Os presidentes do M\u00e9xico e dos Estados Unidos avaliar\u00e3o a possibilidade de conceder vistos para que cidad\u00e3os mexicanos possam trabalhar legalmente no pa\u00eds vizinho, informou nesta ter\u00e7a-feira (2) o presidente Andr\u00e9s Manuel L\u00f3pez Obrador.<\/strong><\/p>\n<p>&#8220;Falamos sobre a quest\u00e3o dos vistos de trabalho, que ordenam o fluxo migrat\u00f3rio, e isso ser\u00e1 analisado&#8221;, afirmou L\u00f3pez Obrador sobre a reuni\u00e3o virtual que teve nesta segunda-feira com o colega americano, Joe Biden. O l\u00edder esquerdista lembrou que nesse encontro por teleconfer\u00eancia seu governo prop\u00f4s a cria\u00e7\u00e3o de um novo programa &#8220;Bracero&#8221;, nascido durante a Segunda Guerra Mundial, para que os mexicanos pudessem trabalhar nos Estados Unidos.<\/p>\n<p><img loading=\"lazy\" class=\"alignnone size-full wp-image-36939\" src=\"https:\/\/www.brazilianpress.com\/v1\/wp-content\/uploads\/2018\/11\/imigrantes-hondurenhos-fronteira-mexico-eua.jpg\" alt=\"\" width=\"750\" height=\"422\" srcset=\"https:\/\/www.brazilianpress.com\/v1\/wp-content\/uploads\/2018\/11\/imigrantes-hondurenhos-fronteira-mexico-eua.jpg 750w, https:\/\/www.brazilianpress.com\/v1\/wp-content\/uploads\/2018\/11\/imigrantes-hondurenhos-fronteira-mexico-eua-300x169.jpg 300w\" sizes=\"(max-width: 750px) 100vw, 750px\" \/><\/p>\n<p>L\u00f3pez Obrador havia adiantado no \u00faltimo fim de semana que, segundo estimativa de seu governo, &#8220;a economia dos Estados Unidos precisar\u00e1 de 600 mil a 800 mil trabalhadores por ano&#8221;, embora n\u00e3o tenha especificado quando. &#8220;Falei que, independentemente da automatiza\u00e7\u00e3o, da rob\u00f3tica, isso ir\u00e1 exigir uma for\u00e7a de trabalho maior e temos uma for\u00e7a de trabalho jovem e muito criativa&#8221;, destacou nesta ter\u00e7a-feira em sua confer\u00eancia matinal.<\/p>\n<p>No \u00faltimo dia 12 de fevereiro, o presidente mexicano pediu a Biden que criasse um programa especial de vistos para trabalhadores mexicanos e centro-americanos como forma de regularizar a migra\u00e7\u00e3o para os Estados Unidos. L\u00f3pez Obrador disse que na reuni\u00e3o desta segunda-feira se discutiu o plano de Biden de destinar US$ 4 bilh\u00f5es para o desenvolvimento da Am\u00e9rica Central e do sul do M\u00e9xico. &#8220;Ressaltei a ele que (o plano) foi um sucesso da sua parte&#8221;, declarou.<\/p>\n<p>Desde 2018, milhares de centro-americanos que fogem da pobreza e da viol\u00eancia em seus pa\u00edses t\u00eam viajado pelo M\u00e9xico na tentativa de chegar aos Estados Unidos, seja para cruzar a fronteira irregularmente ou para pedir asilo. No entanto, as caravanas come\u00e7aram a ser bloqueadas pelas for\u00e7as de seguran\u00e7a em 2020, tanto no sul do M\u00e9xico quanto na Guatemala. L\u00f3pez Obrador comentou que tamb\u00e9m conversou com Biden sobre o acesso \u00e0s vacinas contra a covid-19, a crise clim\u00e1tica, quest\u00f5es de seguran\u00e7a e o acordo de livre-com\u00e9rcio (T-MEC). Biden, acrescentou, convidou o mexicano a participar de uma reuni\u00e3o virtual sobre mudan\u00e7as clim\u00e1ticas em abril.<\/p>\n","protected":false},"excerpt":{"rendered":"<p>Os presidentes do M\u00e9xico e dos Estados Unidos avaliar\u00e3o a possibilidade de conceder vistos para que cidad\u00e3os mexicanos possam trabalhar legalmente no pa\u00eds vizinho, informou nesta ter\u00e7a-feira (2) o presidente Andr\u00e9s Manuel L\u00f3pez Obrador. &#8220;Falamos sobre a quest\u00e3o dos vistos de trabalho, que ordenam o fluxo migrat\u00f3rio, e isso ser\u00e1 analisado&#8221;, afirmou L\u00f3pez Obrador sobre a reuni\u00e3o virtual que teve nesta segunda-feira com o colega americano, Joe Biden. O l\u00edder esquerdista lembrou que nesse encontro por teleconfer\u00eancia seu governo prop\u00f4s a cria\u00e7\u00e3o de um novo programa &#8220;Bracero&#8221;, nascido durante a Segunda Guerra Mundial, para que os mexicanos pudessem trabalhar nos [&hellip;]<\/p>\n","protected":false},"author":1,"featured_media":47514,"comment_status":"open","ping_status":"open","sticky":false,"template":"","format":"standard","meta":{"_links_to":"","_links_to_target":""},"categories":[4,3,1],"tags":[],"views":1182,"_links":{"self":[{"href":"https:\/\/www.brazilianpress.com\/v1\/wp-json\/wp\/v2\/posts\/47513"}],"collection":[{"href":"https:\/\/www.brazilianpress.com\/v1\/wp-json\/wp\/v2\/posts"}],"about":[{"href":"https:\/\/www.brazilianpress.com\/v1\/wp-json\/wp\/v2\/types\/post"}],"author":[{"embeddable":true,"href":"https:\/\/www.brazilianpress.com\/v1\/wp-json\/wp\/v2\/users\/1"}],"replies":[{"embeddable":true,"href":"https:\/\/www.brazilianpress.com\/v1\/wp-json\/wp\/v2\/comments?post=47513"}],"version-history":[{"count":1,"href":"https:\/\/www.brazilianpress.com\/v1\/wp-json\/wp\/v2\/posts\/47513\/revisions"}],"predecessor-version":[{"id":47515,"href":"https:\/\/www.brazilianpress.com\/v1\/wp-json\/wp\/v2\/posts\/47513\/revisions\/47515"}],"wp:featuredmedia":[{"embeddable":true,"href":"https:\/\/www.brazilianpress.com\/v1\/wp-json\/wp\/v2\/media\/47514"}],"wp:attachment":[{"href":"https:\/\/www.brazilianpress.com\/v1\/wp-json\/wp\/v2\/media?parent=47513"}],"wp:term":[{"taxonomy":"category","embeddable":true,"href":"https:\/\/www.brazilianpress.com\/v1\/wp-json\/wp\/v2\/categories?post=47513"},{"taxonomy":"post_tag","embeddable":true,"href":"https:\/\/www.brazilianpress.com\/v1\/wp-json\/wp\/v2\/tags?post=47513"}],"curies":[{"name":"wp","href":"https:\/\/api.w.org\/{rel}","templated":true}]}}