{"id":47527,"date":"2021-03-04T15:09:48","date_gmt":"2021-03-04T19:09:48","guid":{"rendered":"https:\/\/www.brazilianpress.com\/v1\/?p=47527"},"modified":"2021-03-04T15:09:48","modified_gmt":"2021-03-04T19:09:48","slug":"eua-camara-aprova-reforma-policial-batizada-de-george-floyd-texto-segue-para-o-senado","status":"publish","type":"post","link":"https:\/\/www.brazilianpress.com\/v1\/2021\/03\/04\/eua-camara-aprova-reforma-policial-batizada-de-george-floyd-texto-segue-para-o-senado\/","title":{"rendered":"EUA: C\u00e2mara aprova reforma policial batizada de \u2018George Floyd\u2019. Texto segue para o Senado"},"content":{"rendered":"<p><strong>A C\u00e2mara dos Deputados dos Estados Unidos aprovou nesta quarta-feira, 3, um projeto de reforma policial batizado de \u201cGeorge Floyd\u201c. Trata-se de uma homenagem ao homem negro de 46 anos que morreu ap\u00f3s um agente branco ajoelhar sobre o seu pesco\u00e7o por v\u00e1rios minutos em maio de 2020, evento que gerou uma onda de protestos contra o racismo e a viol\u00eancia policial em todo o mundo.<\/strong><\/p>\n<p>O oficial, Derek Chauvin, est\u00e1 sendo acusado de homic\u00eddio e ser\u00e1 julgado a partir de segunda-feira, 8. A lei, que ainda precisa da aprova\u00e7\u00e3o do Senado, proibiria estrangulamentos e outras agress\u00f5es em abordagens relacionadas ao porte de drogas e tamb\u00e9m revisaria as imunidades que s\u00e3o concedidas aos policiais para que seja mais dif\u00edcil puni-los por poss\u00edveis crimes cometidos em servi\u00e7o.<\/p>\n<p><img src=\"https:\/\/img.apmcdn.org\/c422c3216353443e6741ae95235132a15e761ec4\/normal\/4357bf-20200911-chauvin02.jpg\" alt=\"Chauvin to be tried separately in Floyd case | MPR News\" \/><\/p>\n<p>Uma outra vers\u00e3o da \u201cLei de Justi\u00e7a no Policiamento de George Floyd\u201d j\u00e1 tinha sido aprovada pela C\u00e2mara dos Deputados no ano passado, mas foi barrada pelo Senado, que estava ent\u00e3o sob o controle do Partido Republicano. Agora, para que ela seja implementada, pelo menos 10 senadores republicanos teriam que votar a favor da iniciativa, que recebeu o apoio do governo de Joe Biden nesta segunda-feira, 1. No entanto, alguns estados j\u00e1 adotaram individualmente medidas contra abusos policiais. No Colorado, por exemplo, a imunidade n\u00e3o pode ser mais usada como defesa no julgamento de policiais em tribunais estaduais.<\/p>\n<p><img src=\"https:\/\/a57.foxnews.com\/static.foxnews.com\/foxnews.com\/content\/uploads\/2021\/01\/931\/524\/Chauvin-floyd-split.jpg?ve=1&amp;tl=1\" alt=\"Minnesota prepares for potential George Floyd-related unrest as trial of Derek  Chauvin nears | Fox News\" \/><\/p>\n","protected":false},"excerpt":{"rendered":"<p>A C\u00e2mara dos Deputados dos Estados Unidos aprovou nesta quarta-feira, 3, um projeto de reforma policial batizado de \u201cGeorge Floyd\u201c. Trata-se de uma homenagem ao homem negro de 46 anos que morreu ap\u00f3s um agente branco ajoelhar sobre o seu pesco\u00e7o por v\u00e1rios minutos em maio de 2020, evento que gerou uma onda de protestos contra o racismo e a viol\u00eancia policial em todo o mundo. O oficial, Derek Chauvin, est\u00e1 sendo acusado de homic\u00eddio e ser\u00e1 julgado a partir de segunda-feira, 8. A lei, que ainda precisa da aprova\u00e7\u00e3o do Senado, proibiria estrangulamentos e outras agress\u00f5es em abordagens relacionadas [&hellip;]<\/p>\n","protected":false},"author":1,"featured_media":47528,"comment_status":"open","ping_status":"open","sticky":false,"template":"","format":"standard","meta":{"_links_to":"","_links_to_target":""},"categories":[3,1,10],"tags":[],"views":2047,"_links":{"self":[{"href":"https:\/\/www.brazilianpress.com\/v1\/wp-json\/wp\/v2\/posts\/47527"}],"collection":[{"href":"https:\/\/www.brazilianpress.com\/v1\/wp-json\/wp\/v2\/posts"}],"about":[{"href":"https:\/\/www.brazilianpress.com\/v1\/wp-json\/wp\/v2\/types\/post"}],"author":[{"embeddable":true,"href":"https:\/\/www.brazilianpress.com\/v1\/wp-json\/wp\/v2\/users\/1"}],"replies":[{"embeddable":true,"href":"https:\/\/www.brazilianpress.com\/v1\/wp-json\/wp\/v2\/comments?post=47527"}],"version-history":[{"count":1,"href":"https:\/\/www.brazilianpress.com\/v1\/wp-json\/wp\/v2\/posts\/47527\/revisions"}],"predecessor-version":[{"id":47529,"href":"https:\/\/www.brazilianpress.com\/v1\/wp-json\/wp\/v2\/posts\/47527\/revisions\/47529"}],"wp:featuredmedia":[{"embeddable":true,"href":"https:\/\/www.brazilianpress.com\/v1\/wp-json\/wp\/v2\/media\/47528"}],"wp:attachment":[{"href":"https:\/\/www.brazilianpress.com\/v1\/wp-json\/wp\/v2\/media?parent=47527"}],"wp:term":[{"taxonomy":"category","embeddable":true,"href":"https:\/\/www.brazilianpress.com\/v1\/wp-json\/wp\/v2\/categories?post=47527"},{"taxonomy":"post_tag","embeddable":true,"href":"https:\/\/www.brazilianpress.com\/v1\/wp-json\/wp\/v2\/tags?post=47527"}],"curies":[{"name":"wp","href":"https:\/\/api.w.org\/{rel}","templated":true}]}}