{"id":47538,"date":"2021-03-05T08:40:19","date_gmt":"2021-03-05T12:40:19","guid":{"rendered":"https:\/\/www.brazilianpress.com\/v1\/?p=47538"},"modified":"2021-03-05T08:40:19","modified_gmt":"2021-03-05T12:40:19","slug":"social-press-05-03-2021","status":"publish","type":"post","link":"https:\/\/www.brazilianpress.com\/v1\/2021\/03\/05\/social-press-05-03-2021\/","title":{"rendered":"Social Press . 05\/03\/2021"},"content":{"rendered":"<p><em><strong>Silvio e Elizabeth aniversariantes do m\u00eas de fevereiro e irm\u00e3os de cora\u00e7\u00e3o.<\/strong><\/em><\/p>\n<p><em><strong><img loading=\"lazy\" class=\"alignnone size-full wp-image-47533\" src=\"https:\/\/www.brazilianpress.com\/v1\/wp-content\/uploads\/2021\/03\/social-press-2034-20210305-2.jpg\" alt=\"\" width=\"541\" height=\"450\" srcset=\"https:\/\/www.brazilianpress.com\/v1\/wp-content\/uploads\/2021\/03\/social-press-2034-20210305-2.jpg 541w, https:\/\/www.brazilianpress.com\/v1\/wp-content\/uploads\/2021\/03\/social-press-2034-20210305-2-300x250.jpg 300w\" sizes=\"(max-width: 541px) 100vw, 541px\" \/><br \/>\nSelma Calvalcante aniversariante da semana, feliz anivers\u00e1rio e muiras felicidades!<\/strong><\/em><\/p>\n<p><em><strong><img loading=\"lazy\" class=\"alignnone size-full wp-image-47534\" src=\"https:\/\/www.brazilianpress.com\/v1\/wp-content\/uploads\/2021\/03\/social-press-2034-20210305-3.jpg\" alt=\"\" width=\"690\" height=\"450\" srcset=\"https:\/\/www.brazilianpress.com\/v1\/wp-content\/uploads\/2021\/03\/social-press-2034-20210305-3.jpg 690w, https:\/\/www.brazilianpress.com\/v1\/wp-content\/uploads\/2021\/03\/social-press-2034-20210305-3-300x196.jpg 300w\" sizes=\"(max-width: 690px) 100vw, 690px\" \/><br \/>\nAlina Albano curtindo suas f\u00e9rias de maneira saud\u00e1vel e consciente no M\u00e9xico, aproveite cada minuto.<\/strong><\/em><\/p>\n<p><em><strong><img loading=\"lazy\" class=\"alignnone size-full wp-image-47535\" src=\"https:\/\/www.brazilianpress.com\/v1\/wp-content\/uploads\/2021\/03\/social-press-2034-20210305-4.jpg\" alt=\"\" width=\"700\" height=\"422\" srcset=\"https:\/\/www.brazilianpress.com\/v1\/wp-content\/uploads\/2021\/03\/social-press-2034-20210305-4.jpg 700w, https:\/\/www.brazilianpress.com\/v1\/wp-content\/uploads\/2021\/03\/social-press-2034-20210305-4-300x181.jpg 300w\" sizes=\"(max-width: 700px) 100vw, 700px\" \/><br \/>\nAline Pellegrini Fonseca e Eduardo Fonseca uma fam\u00edlia linda e unida que sabe como aproveitar cada esta\u00e7\u00e3o do ano.<\/strong><\/em><\/p>\n<p><em><strong><img loading=\"lazy\" class=\"alignnone size-full wp-image-47536\" src=\"https:\/\/www.brazilianpress.com\/v1\/wp-content\/uploads\/2021\/03\/social-press-2034-20210305-5.jpg\" alt=\"\" width=\"647\" height=\"450\" srcset=\"https:\/\/www.brazilianpress.com\/v1\/wp-content\/uploads\/2021\/03\/social-press-2034-20210305-5.jpg 647w, https:\/\/www.brazilianpress.com\/v1\/wp-content\/uploads\/2021\/03\/social-press-2034-20210305-5-300x209.jpg 300w\" sizes=\"(max-width: 647px) 100vw, 647px\" \/><br \/>\nMarilis Alarcon Ortega uma mulher guerreira e excelente m\u00e3e. Uma atendente que nos faz sentir confort\u00e1vel em qualquer caf\u00e9 que ela trabalhe. Desejamos sempre sa\u00fade e prosperidade.<\/strong><\/em><\/p>\n<p><em><strong><img loading=\"lazy\" class=\"alignnone size-full wp-image-47537\" src=\"https:\/\/www.brazilianpress.com\/v1\/wp-content\/uploads\/2021\/03\/social-press-2034-20210305-6.jpg\" alt=\"\" width=\"700\" height=\"445\" srcset=\"https:\/\/www.brazilianpress.com\/v1\/wp-content\/uploads\/2021\/03\/social-press-2034-20210305-6.jpg 700w, https:\/\/www.brazilianpress.com\/v1\/wp-content\/uploads\/2021\/03\/social-press-2034-20210305-6-300x191.jpg 300w\" sizes=\"(max-width: 700px) 100vw, 700px\" \/><br \/>\nBruno Martins acredita fielmente que n\u00e3o basta ser pai \u00e9 preciso participar. Passeios, jogos de futebol, movie time&#8230; \u00e9 tudo que um filho precisa para se sentir amado.<\/strong><\/em><\/p>\n","protected":false},"excerpt":{"rendered":"<p>Silvio e Elizabeth aniversariantes do m\u00eas de fevereiro e irm\u00e3os de cora\u00e7\u00e3o. Selma Calvalcante aniversariante da semana, feliz anivers\u00e1rio e muiras felicidades! Alina Albano curtindo suas f\u00e9rias de maneira saud\u00e1vel e consciente no M\u00e9xico, aproveite cada minuto. Aline Pellegrini Fonseca e Eduardo Fonseca uma fam\u00edlia linda e unida que sabe como aproveitar cada esta\u00e7\u00e3o do ano. Marilis Alarcon Ortega uma mulher guerreira e excelente m\u00e3e. Uma atendente que nos faz sentir confort\u00e1vel em qualquer caf\u00e9 que ela trabalhe. Desejamos sempre sa\u00fade e prosperidade. Bruno Martins acredita fielmente que n\u00e3o basta ser pai \u00e9 preciso participar. Passeios, jogos de futebol, movie [&hellip;]<\/p>\n","protected":false},"author":1,"featured_media":47532,"comment_status":"open","ping_status":"open","sticky":false,"template":"","format":"standard","meta":{"_links_to":"","_links_to_target":""},"categories":[3,1,6],"tags":[],"views":2222,"_links":{"self":[{"href":"https:\/\/www.brazilianpress.com\/v1\/wp-json\/wp\/v2\/posts\/47538"}],"collection":[{"href":"https:\/\/www.brazilianpress.com\/v1\/wp-json\/wp\/v2\/posts"}],"about":[{"href":"https:\/\/www.brazilianpress.com\/v1\/wp-json\/wp\/v2\/types\/post"}],"author":[{"embeddable":true,"href":"https:\/\/www.brazilianpress.com\/v1\/wp-json\/wp\/v2\/users\/1"}],"replies":[{"embeddable":true,"href":"https:\/\/www.brazilianpress.com\/v1\/wp-json\/wp\/v2\/comments?post=47538"}],"version-history":[{"count":1,"href":"https:\/\/www.brazilianpress.com\/v1\/wp-json\/wp\/v2\/posts\/47538\/revisions"}],"predecessor-version":[{"id":47539,"href":"https:\/\/www.brazilianpress.com\/v1\/wp-json\/wp\/v2\/posts\/47538\/revisions\/47539"}],"wp:featuredmedia":[{"embeddable":true,"href":"https:\/\/www.brazilianpress.com\/v1\/wp-json\/wp\/v2\/media\/47532"}],"wp:attachment":[{"href":"https:\/\/www.brazilianpress.com\/v1\/wp-json\/wp\/v2\/media?parent=47538"}],"wp:term":[{"taxonomy":"category","embeddable":true,"href":"https:\/\/www.brazilianpress.com\/v1\/wp-json\/wp\/v2\/categories?post=47538"},{"taxonomy":"post_tag","embeddable":true,"href":"https:\/\/www.brazilianpress.com\/v1\/wp-json\/wp\/v2\/tags?post=47538"}],"curies":[{"name":"wp","href":"https:\/\/api.w.org\/{rel}","templated":true}]}}