{"id":47550,"date":"2021-03-05T10:00:22","date_gmt":"2021-03-05T14:00:22","guid":{"rendered":"https:\/\/www.brazilianpress.com\/v1\/?p=47550"},"modified":"2021-03-05T10:00:22","modified_gmt":"2021-03-05T14:00:22","slug":"organizacao-internacional-para-migrantes-em-portugal-recebeu-107-pedidos-de-imigrantes-para-retorno-a-seus-paises-90-sao-brasileiros","status":"publish","type":"post","link":"https:\/\/www.brazilianpress.com\/v1\/2021\/03\/05\/organizacao-internacional-para-migrantes-em-portugal-recebeu-107-pedidos-de-imigrantes-para-retorno-a-seus-paises-90-sao-brasileiros\/","title":{"rendered":"Organiza\u00e7\u00e3o Internacional para Migrantes em Portugal recebeu 107 pedidos de imigrantes para retorno a seus pa\u00edses, 90% s\u00e3o brasileiros"},"content":{"rendered":"<p><strong>Organiza\u00e7\u00e3o Internacional para as Migra\u00e7\u00f5es (OIM) registrou, nos primeiros dois meses deste ano, 107 pedidos de retorno volunt\u00e1rio de imigrantes em Portugal, dos quais 90% s\u00e3o de cidad\u00e3os brasileiros. \u00a0At\u00e9 esta data registramos 107 pedidos, 90% correspondem a cidad\u00e3os brasileiros&#8221;, afirmaram os representantes da organiza\u00e7\u00e3o.<\/strong><\/p>\n<p>Os n\u00fameros mostram uma diminui\u00e7\u00e3o em rela\u00e7\u00e3o aos dois primeiros meses de 2020, quando a OIM registrou 128 novos pedidos. Em 2021, a organiza\u00e7\u00e3o recebeu 63 pedidos de ajuda de retorno no m\u00eas de janeiro e 44 em fevereiro.<\/p>\n<p>O desemprego, as dificuldades econ\u00f4micas e o agravamento da situa\u00e7\u00e3o de vulnerabilidade s\u00e3o os principais motivos pelos quais as pessoas pedem ajuda para voltar aos seus pa\u00edses, disseram os representantes da organiza\u00e7\u00e3o em Lisboa.<\/p>\n<p>&#8220;Os motivos pelos quais as pessoas n\u00e3o querem continuar como imigrantes em Portugal est\u00e3o relacionados com a situa\u00e7\u00e3o de desemprego, ou acesso dif\u00edcil ao mercado de trabalho, situa\u00e7\u00e3o econ\u00f4mica e agravamento da situa\u00e7\u00e3o de vulnerabilidade&#8221;, afirmaram.<\/p>\n<p>Por\u00e9m, como o novo programa de apoio \u00e0 volta volunt\u00e1ria de imigrantes come\u00e7ou a ser implementado quando j\u00e1 estavam suspensos os voos para o Brasil, pa\u00eds de origem de 90% dos imigrantes que pediram ajuda para regressar, ainda n\u00e3o houve retornos.<\/p>\n<p>&#8220;Estamos acompanhando a situa\u00e7\u00e3o e verificando que outras alternativas podem ser utilizadas para promover o retorno desses cidad\u00e3os ao Brasil&#8221;.<\/p>\n<p>Em 25 de fevereiro, a representa\u00e7\u00e3o portuguesa da OIM anunciou que estava em execu\u00e7\u00e3o o novo programa de Apoio ao Retorno Volunt\u00e1rio e \u00e0 Reintegra\u00e7\u00e3o &#8211; ARVoRe VIII, com capacidade para apoiar at\u00e9 600 pessoas no regresso aos seus pa\u00edses.<\/p>\n<p>Segundo a OIM, a procura por esse tipo de assist\u00eancia em Portugal &#8220;continua a ser significativa&#8221;.<\/p>\n<p>No \u00e2mbito do projeto anterior, ARVoRe VII, que terminou em dezembro de 2020, 1.482 pessoas fizeram inscri\u00e7\u00e3o no programa e 501 voltaram ao pa\u00eds de origem, das quais 276 eram mulheres e 225 homens.<\/p>\n<p>&#8220;Com base em mais de 20 anos de experi\u00eancia nessa \u00e1rea, a OIM Portugal procura no projeto [ARVoRe VIII] ampliar o apoio prestado durante o processo de retorno volunt\u00e1rio e reintegra\u00e7\u00e3o, para que aconte\u00e7a de forma digna e segura, com pleno respeito aos direitos humanos&#8221;, explicou em comunicado, Vasco Malta, chefe de miss\u00e3o da organiza\u00e7\u00e3o em Portugal.<\/p>\n<p>Al\u00e9m de contar com a rede mundial de escrit\u00f3rios da OIM, o projeto ARVoRe VIII tem um conjunto de parcerias em Portugal e no Brasil.<\/p>\n<p>&#8220;Em Portugal, a institui\u00e7\u00e3o conta com a colabora\u00e7\u00e3o de um conjunto de atores distribu\u00eddos por todo o territ\u00f3rio, que permite alcan\u00e7ar maior n\u00famero de migrantes, por meio da dissemina\u00e7\u00e3o da informa\u00e7\u00e3o e aconselhamento&#8221; acrescenta a nota.<\/p>\n<p>Por outro lado, no Brasil, as parcerias com organiza\u00e7\u00f5es n\u00e3o governamentais (ONGs) locais em nove estados permitem acompanhamento mais pr\u00f3ximo dos migrantes retornados.<\/p>\n<p>Com \u00eanfase na prote\u00e7\u00e3o de migrantes em situa\u00e7\u00e3o de vulnerabilidade, o projeto prev\u00ea tamb\u00e9m a identifica\u00e7\u00e3o de servi\u00e7os de apoio a essas pessoas, assim como sess\u00f5es de informa\u00e7\u00e3o dedicadas \u00e0 prote\u00e7\u00e3o e assist\u00eancia de migrantes vulner\u00e1veis \u00e0 viol\u00eancia, explora\u00e7\u00e3o e abuso. O ARVoRe VIII continuar\u00e1 a &#8220;oferecer apoio psicossocial em Portugal e no Brasil para os migrantes que quiserem esse servi\u00e7o. *Com informa\u00e7\u00f5es da RTP &#8211; R\u00e1dio e Televis\u00e3o de Portugal<\/p>\n<p>&nbsp;<\/p>\n","protected":false},"excerpt":{"rendered":"<p>Organiza\u00e7\u00e3o Internacional para as Migra\u00e7\u00f5es (OIM) registrou, nos primeiros dois meses deste ano, 107 pedidos de retorno volunt\u00e1rio de imigrantes em Portugal, dos quais 90% s\u00e3o de cidad\u00e3os brasileiros. \u00a0At\u00e9 esta data registramos 107 pedidos, 90% correspondem a cidad\u00e3os brasileiros&#8221;, afirmaram os representantes da organiza\u00e7\u00e3o. Os n\u00fameros mostram uma diminui\u00e7\u00e3o em rela\u00e7\u00e3o aos dois primeiros meses de 2020, quando a OIM registrou 128 novos pedidos. Em 2021, a organiza\u00e7\u00e3o recebeu 63 pedidos de ajuda de retorno no m\u00eas de janeiro e 44 em fevereiro. O desemprego, as dificuldades econ\u00f4micas e o agravamento da situa\u00e7\u00e3o de vulnerabilidade s\u00e3o os principais motivos [&hellip;]<\/p>\n","protected":false},"author":1,"featured_media":47551,"comment_status":"open","ping_status":"open","sticky":false,"template":"","format":"standard","meta":{"_links_to":"","_links_to_target":""},"categories":[3,8,1],"tags":[],"views":1924,"_links":{"self":[{"href":"https:\/\/www.brazilianpress.com\/v1\/wp-json\/wp\/v2\/posts\/47550"}],"collection":[{"href":"https:\/\/www.brazilianpress.com\/v1\/wp-json\/wp\/v2\/posts"}],"about":[{"href":"https:\/\/www.brazilianpress.com\/v1\/wp-json\/wp\/v2\/types\/post"}],"author":[{"embeddable":true,"href":"https:\/\/www.brazilianpress.com\/v1\/wp-json\/wp\/v2\/users\/1"}],"replies":[{"embeddable":true,"href":"https:\/\/www.brazilianpress.com\/v1\/wp-json\/wp\/v2\/comments?post=47550"}],"version-history":[{"count":1,"href":"https:\/\/www.brazilianpress.com\/v1\/wp-json\/wp\/v2\/posts\/47550\/revisions"}],"predecessor-version":[{"id":47552,"href":"https:\/\/www.brazilianpress.com\/v1\/wp-json\/wp\/v2\/posts\/47550\/revisions\/47552"}],"wp:featuredmedia":[{"embeddable":true,"href":"https:\/\/www.brazilianpress.com\/v1\/wp-json\/wp\/v2\/media\/47551"}],"wp:attachment":[{"href":"https:\/\/www.brazilianpress.com\/v1\/wp-json\/wp\/v2\/media?parent=47550"}],"wp:term":[{"taxonomy":"category","embeddable":true,"href":"https:\/\/www.brazilianpress.com\/v1\/wp-json\/wp\/v2\/categories?post=47550"},{"taxonomy":"post_tag","embeddable":true,"href":"https:\/\/www.brazilianpress.com\/v1\/wp-json\/wp\/v2\/tags?post=47550"}],"curies":[{"name":"wp","href":"https:\/\/api.w.org\/{rel}","templated":true}]}}