{"id":47559,"date":"2021-03-05T10:09:48","date_gmt":"2021-03-05T14:09:48","guid":{"rendered":"https:\/\/www.brazilianpress.com\/v1\/?p=47559"},"modified":"2021-03-05T10:09:48","modified_gmt":"2021-03-05T14:09:48","slug":"contaminados-com-covid-19-imigrantes-atravessam-a-fronteira-e-viajam-pelo-pais","status":"publish","type":"post","link":"https:\/\/www.brazilianpress.com\/v1\/2021\/03\/05\/contaminados-com-covid-19-imigrantes-atravessam-a-fronteira-e-viajam-pelo-pais\/","title":{"rendered":"Contaminados com Covid-19, imigrantes atravessam a fronteira e viajam pelo pa\u00eds"},"content":{"rendered":"<p><strong>Depois da divulga\u00e7\u00e3o da informa\u00e7\u00e3o de que os imigrantes com teste positivo para covid-19 estavam viajando da cidade de Brownsville para o interior do pa\u00eds, o prefeito Trey M\u00e9ndez conversou com a imprensa e comentou o problema. O prefeito garantiu que \u00e9 responsabilidade das empresas de transportes e n\u00e3o da prefeitura o controle da viagem dos imigrantes.<\/strong><\/p>\n<p>Mendez afirmou ainda que a cidade de Brownsville est\u00e1 seguindo as recomenda\u00e7\u00f5es do CDC e do governo federal para impedir a dissemina\u00e7\u00e3o do coronav\u00edrus e est\u00e1 de acordo com os protocolos. \u201cO governo recomenda colocar essas pessoas em quarentena, mas tamb\u00e9m nos avisou que n\u00f3s, como cidade, n\u00e3o podemos deter essas pessoas. Eles sabem os n\u00fameros todos os dias, passamos a informa\u00e7\u00e3o para eles\u201d, explicou o prefeito.<\/p>\n<p>Al\u00e9m disso, M\u00e9ndez convidou as empresas a seguir todas as medidas estabelecidas para evitar a dissemina\u00e7\u00e3o da COVID-19 pelo pa\u00eds. \u201cDepende das pol\u00edticas da empresa de \u00f4nibus se eles sabem que algu\u00e9m testou positivo para COVID-19. Se fosse eu, eu n\u00e3o os deixaria viajar, mas \u00e9 algo que eles determinam\u201d, disse M\u00e9ndez. Por sua vez, as empresas de \u00f4nibus argumentaram seguir as medidas estabelecidas: \u201cSeguimos as medidas do TCA. A \u00fanica coisa que pedimos \u00e9 o uso da m\u00e1scara o tempo todo em que ficam aqui no terminal do \u00f4nibus, s\u00f3 na hora de comer \u00e9 que d\u00e1 para abaixar e subir novamente &#8220;, indicou H\u00e9ctor Daniel Castillo, gerente da Tornado Autobuses.<\/p>\n<p>De acordo com a cidade de Brownsville, eles ajudam mais de 250 migrantes a chegarem ao seu destino todos os dias, e alguns deles t\u00eam teste positivo para o v\u00edrus. \u201cA\u00ed eles chegam, fazem suas rotas e viajam 12 horas ou 24 horas depois de entrarem no pa\u00eds de \u00f4nibus, de avi\u00e3o ou com a ajuda de suas fam\u00edlias. Essas pessoas n\u00e3o v\u00e3o ficar na cidade de Brownsville\u201d, disse Mendez. No entanto, o prefeito ressaltou que eles n\u00e3o sabem por quanto tempo estar\u00e3o colaborando com o governo federal nesse problema.<\/p>\n","protected":false},"excerpt":{"rendered":"<p>Depois da divulga\u00e7\u00e3o da informa\u00e7\u00e3o de que os imigrantes com teste positivo para covid-19 estavam viajando da cidade de Brownsville para o interior do pa\u00eds, o prefeito Trey M\u00e9ndez conversou com a imprensa e comentou o problema. O prefeito garantiu que \u00e9 responsabilidade das empresas de transportes e n\u00e3o da prefeitura o controle da viagem dos imigrantes. Mendez afirmou ainda que a cidade de Brownsville est\u00e1 seguindo as recomenda\u00e7\u00f5es do CDC e do governo federal para impedir a dissemina\u00e7\u00e3o do coronav\u00edrus e est\u00e1 de acordo com os protocolos. \u201cO governo recomenda colocar essas pessoas em quarentena, mas tamb\u00e9m nos avisou [&hellip;]<\/p>\n","protected":false},"author":1,"featured_media":47560,"comment_status":"open","ping_status":"open","sticky":false,"template":"","format":"standard","meta":{"_links_to":"","_links_to_target":""},"categories":[3,1,10],"tags":[],"views":1855,"_links":{"self":[{"href":"https:\/\/www.brazilianpress.com\/v1\/wp-json\/wp\/v2\/posts\/47559"}],"collection":[{"href":"https:\/\/www.brazilianpress.com\/v1\/wp-json\/wp\/v2\/posts"}],"about":[{"href":"https:\/\/www.brazilianpress.com\/v1\/wp-json\/wp\/v2\/types\/post"}],"author":[{"embeddable":true,"href":"https:\/\/www.brazilianpress.com\/v1\/wp-json\/wp\/v2\/users\/1"}],"replies":[{"embeddable":true,"href":"https:\/\/www.brazilianpress.com\/v1\/wp-json\/wp\/v2\/comments?post=47559"}],"version-history":[{"count":1,"href":"https:\/\/www.brazilianpress.com\/v1\/wp-json\/wp\/v2\/posts\/47559\/revisions"}],"predecessor-version":[{"id":47561,"href":"https:\/\/www.brazilianpress.com\/v1\/wp-json\/wp\/v2\/posts\/47559\/revisions\/47561"}],"wp:featuredmedia":[{"embeddable":true,"href":"https:\/\/www.brazilianpress.com\/v1\/wp-json\/wp\/v2\/media\/47560"}],"wp:attachment":[{"href":"https:\/\/www.brazilianpress.com\/v1\/wp-json\/wp\/v2\/media?parent=47559"}],"wp:term":[{"taxonomy":"category","embeddable":true,"href":"https:\/\/www.brazilianpress.com\/v1\/wp-json\/wp\/v2\/categories?post=47559"},{"taxonomy":"post_tag","embeddable":true,"href":"https:\/\/www.brazilianpress.com\/v1\/wp-json\/wp\/v2\/tags?post=47559"}],"curies":[{"name":"wp","href":"https:\/\/api.w.org\/{rel}","templated":true}]}}