{"id":47562,"date":"2021-03-05T17:55:01","date_gmt":"2021-03-05T21:55:01","guid":{"rendered":"https:\/\/www.brazilianpress.com\/v1\/?p=47562"},"modified":"2021-03-05T17:55:01","modified_gmt":"2021-03-05T21:55:01","slug":"bruno-viana-e-regularizado-mas-ainda-nao-fara-estreia-pelo-flamengo-na-proxima-partida","status":"publish","type":"post","link":"https:\/\/www.brazilianpress.com\/v1\/2021\/03\/05\/bruno-viana-e-regularizado-mas-ainda-nao-fara-estreia-pelo-flamengo-na-proxima-partida\/","title":{"rendered":"Bruno Viana \u00e9 regularizado, mas ainda n\u00e3o far\u00e1 estreia pelo Flamengo na pr\u00f3xima partida"},"content":{"rendered":"<p><strong>Bruno Viana teve o nome publicado no &#8220;Bira&#8221; da Federa\u00e7\u00e3o de Futebol do Estado do Rio de Janeiro (Ferj) e est\u00e1 regularizado para fazer sua estreia pelo Flamengo. O que n\u00e3o vai acontecer neste s\u00e1bado, contra o Maca\u00e9, pela segunda rodada da Ta\u00e7a Guanabara, porque ele ainda se recupera de um fratura em um dos dedos da m\u00e3o.<\/strong><\/p>\n<p>A aus\u00eancia foi confirmada pelo t\u00e9cnico Mauricio Souza na entrevista ap\u00f3s a vit\u00f3ria sobre o Nova Igua\u00e7u. E disse que Bruno Viana ainda n\u00e3o pode correr o risco de choque no local. Bruno Viana tem 26 anos e \u00e9 o primeiro refor\u00e7o do Flamengo para a temporada 2021. Ele est\u00e1 emprestado pelo Braga, de Portugal, at\u00e9 o fim do ano, com op\u00e7\u00e3o de compra de 7,5 milh\u00f5es de euros ao fim deste per\u00edodo (R$ 51,7 milh\u00f5es na cota\u00e7\u00e3o atual).<\/p>\n","protected":false},"excerpt":{"rendered":"<p>Bruno Viana teve o nome publicado no &#8220;Bira&#8221; da Federa\u00e7\u00e3o de Futebol do Estado do Rio de Janeiro (Ferj) e est\u00e1 regularizado para fazer sua estreia pelo Flamengo. O que n\u00e3o vai acontecer neste s\u00e1bado, contra o Maca\u00e9, pela segunda rodada da Ta\u00e7a Guanabara, porque ele ainda se recupera de um fratura em um dos dedos da m\u00e3o. A aus\u00eancia foi confirmada pelo t\u00e9cnico Mauricio Souza na entrevista ap\u00f3s a vit\u00f3ria sobre o Nova Igua\u00e7u. E disse que Bruno Viana ainda n\u00e3o pode correr o risco de choque no local. Bruno Viana tem 26 anos e \u00e9 o primeiro refor\u00e7o [&hellip;]<\/p>\n","protected":false},"author":1,"featured_media":47563,"comment_status":"open","ping_status":"open","sticky":false,"template":"","format":"standard","meta":{"_links_to":"","_links_to_target":""},"categories":[9,1],"tags":[],"views":1808,"_links":{"self":[{"href":"https:\/\/www.brazilianpress.com\/v1\/wp-json\/wp\/v2\/posts\/47562"}],"collection":[{"href":"https:\/\/www.brazilianpress.com\/v1\/wp-json\/wp\/v2\/posts"}],"about":[{"href":"https:\/\/www.brazilianpress.com\/v1\/wp-json\/wp\/v2\/types\/post"}],"author":[{"embeddable":true,"href":"https:\/\/www.brazilianpress.com\/v1\/wp-json\/wp\/v2\/users\/1"}],"replies":[{"embeddable":true,"href":"https:\/\/www.brazilianpress.com\/v1\/wp-json\/wp\/v2\/comments?post=47562"}],"version-history":[{"count":1,"href":"https:\/\/www.brazilianpress.com\/v1\/wp-json\/wp\/v2\/posts\/47562\/revisions"}],"predecessor-version":[{"id":47564,"href":"https:\/\/www.brazilianpress.com\/v1\/wp-json\/wp\/v2\/posts\/47562\/revisions\/47564"}],"wp:featuredmedia":[{"embeddable":true,"href":"https:\/\/www.brazilianpress.com\/v1\/wp-json\/wp\/v2\/media\/47563"}],"wp:attachment":[{"href":"https:\/\/www.brazilianpress.com\/v1\/wp-json\/wp\/v2\/media?parent=47562"}],"wp:term":[{"taxonomy":"category","embeddable":true,"href":"https:\/\/www.brazilianpress.com\/v1\/wp-json\/wp\/v2\/categories?post=47562"},{"taxonomy":"post_tag","embeddable":true,"href":"https:\/\/www.brazilianpress.com\/v1\/wp-json\/wp\/v2\/tags?post=47562"}],"curies":[{"name":"wp","href":"https:\/\/api.w.org\/{rel}","templated":true}]}}