{"id":47565,"date":"2021-03-05T17:56:16","date_gmt":"2021-03-05T21:56:16","guid":{"rendered":"https:\/\/www.brazilianpress.com\/v1\/?p=47565"},"modified":"2021-03-05T17:56:16","modified_gmt":"2021-03-05T21:56:16","slug":"apos-aposentadoria-victor-tira-dias-de-descanso-e-prepara-volta-ao-atletico-mg-como-gerente","status":"publish","type":"post","link":"https:\/\/www.brazilianpress.com\/v1\/2021\/03\/05\/apos-aposentadoria-victor-tira-dias-de-descanso-e-prepara-volta-ao-atletico-mg-como-gerente\/","title":{"rendered":"Ap\u00f3s aposentadoria, Victor tira dias de descanso e prepara volta ao Atl\u00e9tico-MG como gerente"},"content":{"rendered":"<p><strong>No pr\u00f3ximo fim de semana, Victor deve retornar ao Atl\u00e9tico-MG para iniciar a nova fun\u00e7\u00e3o. As luvas e chuteiras ficam guardadas, agora entra a roupa social nas depend\u00eancias da Cidade do Galo. O ex-goleiro foi convidado para ser gerente de futebol e a expectativa \u00e9 de ele descansar por alguns dias antes de voltar ao clube sob novo cargo.<\/strong><\/p>\n<p>No organograma do futebol profissional do Atl\u00e9tico-MG, Victor chega para ocupar uma vaga deixada por Gabriel Andreata, um dos sete elementos da comitiva de Jorge Sampaoli. O treinador argentino foi embora na semana passada, e j\u00e1 chegou ao Olympique de Marseille. Com ele, preparadores f\u00edsicos e auxiliares tamb\u00e9m se despediram do Galo.<\/p>\n<p>Victor trabalhar\u00e1 diretamente com Rodrigo Caetano, o diretor-executivo de futebol. Ambos se conhecem de longa data, j\u00e1 que Caetano fez a contrata\u00e7\u00e3o do ex-goleiro no Gr\u00eamio, em 2008, e participou do processo de aposentadoria do \u00eddolo no Galo.<\/p>\n<p>Antes de Andreata, a ger\u00eancia de futebol estava nas m\u00e3os de Marques, outro ex-jogador que fez hist\u00f3ria no Galo. Ele foi demitido em fevereiro de 2020, ao lado do diretor Rui Costa e da comiss\u00e3o de Rafael Dudamel.<\/p>\n<p>A presid\u00eancia do Atl\u00e9tico, sob posse de S\u00e9rgio Coelho, ainda pretende divulgar oficialmente a composi\u00e7\u00e3o da nova diretoria. Rodrigo Caetano (futebol), Pl\u00ednio Signorini (CEO), Andr\u00e9 Lamounier (comunica\u00e7\u00e3o) e Luiz Fernando Pimenta Ribeiro (jur\u00eddico) foram caras novas.<\/p>\n<p>No caso de Pl\u00ednio, ele voltou ap\u00f3s breve per\u00edodo fora. No departamento comercial, Leandro Figueiredo segue atuando, assim como Paulo Braz na \u00e1rea financeira. Ainda h\u00e1 Gabriel Guimar\u00e3es (patrim\u00f4nio) e Rodrigo Messano (administra\u00e7\u00e3o e controle). Quem deve pintar no novo organograma \u00e9 Pedro Tavares, diretor da gest\u00e3o de Daniel Nepomuceno, e que \u00e9 um &#8220;chefe de gabinete&#8221; de S\u00e9rgio Coelho.<\/p>\n","protected":false},"excerpt":{"rendered":"<p>No pr\u00f3ximo fim de semana, Victor deve retornar ao Atl\u00e9tico-MG para iniciar a nova fun\u00e7\u00e3o. As luvas e chuteiras ficam guardadas, agora entra a roupa social nas depend\u00eancias da Cidade do Galo. O ex-goleiro foi convidado para ser gerente de futebol e a expectativa \u00e9 de ele descansar por alguns dias antes de voltar ao clube sob novo cargo. No organograma do futebol profissional do Atl\u00e9tico-MG, Victor chega para ocupar uma vaga deixada por Gabriel Andreata, um dos sete elementos da comitiva de Jorge Sampaoli. O treinador argentino foi embora na semana passada, e j\u00e1 chegou ao Olympique de Marseille. [&hellip;]<\/p>\n","protected":false},"author":1,"featured_media":47566,"comment_status":"open","ping_status":"open","sticky":false,"template":"","format":"standard","meta":{"_links_to":"","_links_to_target":""},"categories":[9,1],"tags":[],"views":2088,"_links":{"self":[{"href":"https:\/\/www.brazilianpress.com\/v1\/wp-json\/wp\/v2\/posts\/47565"}],"collection":[{"href":"https:\/\/www.brazilianpress.com\/v1\/wp-json\/wp\/v2\/posts"}],"about":[{"href":"https:\/\/www.brazilianpress.com\/v1\/wp-json\/wp\/v2\/types\/post"}],"author":[{"embeddable":true,"href":"https:\/\/www.brazilianpress.com\/v1\/wp-json\/wp\/v2\/users\/1"}],"replies":[{"embeddable":true,"href":"https:\/\/www.brazilianpress.com\/v1\/wp-json\/wp\/v2\/comments?post=47565"}],"version-history":[{"count":1,"href":"https:\/\/www.brazilianpress.com\/v1\/wp-json\/wp\/v2\/posts\/47565\/revisions"}],"predecessor-version":[{"id":47567,"href":"https:\/\/www.brazilianpress.com\/v1\/wp-json\/wp\/v2\/posts\/47565\/revisions\/47567"}],"wp:featuredmedia":[{"embeddable":true,"href":"https:\/\/www.brazilianpress.com\/v1\/wp-json\/wp\/v2\/media\/47566"}],"wp:attachment":[{"href":"https:\/\/www.brazilianpress.com\/v1\/wp-json\/wp\/v2\/media?parent=47565"}],"wp:term":[{"taxonomy":"category","embeddable":true,"href":"https:\/\/www.brazilianpress.com\/v1\/wp-json\/wp\/v2\/categories?post=47565"},{"taxonomy":"post_tag","embeddable":true,"href":"https:\/\/www.brazilianpress.com\/v1\/wp-json\/wp\/v2\/tags?post=47565"}],"curies":[{"name":"wp","href":"https:\/\/api.w.org\/{rel}","templated":true}]}}