{"id":47688,"date":"2021-03-19T10:54:29","date_gmt":"2021-03-19T14:54:29","guid":{"rendered":"https:\/\/www.brazilianpress.com\/v1\/?p=47688"},"modified":"2021-03-29T05:43:26","modified_gmt":"2021-03-29T09:43:26","slug":"social-press-19-3-2021","status":"publish","type":"post","link":"https:\/\/www.brazilianpress.com\/v1\/2021\/03\/19\/social-press-19-3-2021\/","title":{"rendered":"Social Press . 19\/3\/2021"},"content":{"rendered":"<p><em><strong>Happy Birthday da semana vai para o renomado cirurgi\u00e3o pl\u00e1stico Dr. Joseph Racanelli. Nossos votos de muitas felicidades!<\/strong><\/em><\/p>\n<p><em><strong><img loading=\"lazy\" class=\"alignnone size-full wp-image-47679\" src=\"https:\/\/www.brazilianpress.com\/v1\/wp-content\/uploads\/2021\/03\/Foto-2-Nossa-querida-Celia-Chantre.jpg\" alt=\"\" width=\"700\" height=\"404\" srcset=\"https:\/\/www.brazilianpress.com\/v1\/wp-content\/uploads\/2021\/03\/Foto-2-Nossa-querida-Celia-Chantre.jpg 700w, https:\/\/www.brazilianpress.com\/v1\/wp-content\/uploads\/2021\/03\/Foto-2-Nossa-querida-Celia-Chantre-300x173.jpg 300w\" sizes=\"(max-width: 700px) 100vw, 700px\" \/><br \/>\nNossa querida C\u00e9lia Chantre Saldida\u00a0 \u00e9 um orgulho para nossa comunidade brasileira trabalha na \u00e1rea de mamografia a mais de 20 anos, aonde tem um programa gratuito de preven\u00e7\u00e3o de c\u00e2ncer de mama no Hospital Universit\u00e1rio.<\/strong><\/em><\/p>\n<p><em><strong><img loading=\"lazy\" class=\"alignnone size-full wp-image-47680\" src=\"https:\/\/www.brazilianpress.com\/v1\/wp-content\/uploads\/2021\/03\/Foto-3-A-nossa-comunidade-se-alegra.jpg\" alt=\"\" width=\"700\" height=\"427\" srcset=\"https:\/\/www.brazilianpress.com\/v1\/wp-content\/uploads\/2021\/03\/Foto-3-A-nossa-comunidade-se-alegra.jpg 700w, https:\/\/www.brazilianpress.com\/v1\/wp-content\/uploads\/2021\/03\/Foto-3-A-nossa-comunidade-se-alegra-300x183.jpg 300w\" sizes=\"(max-width: 700px) 100vw, 700px\" \/><br \/>\nA nossa comunidade se alegra sempre que temos a presen\u00e7a deste casal nos eventos Sarah Torres e Gilberto Degoes Felicidades sempre ao casal.<\/strong><\/em><\/p>\n<p><em><strong><img loading=\"lazy\" class=\"alignnone size-full wp-image-47681\" src=\"https:\/\/www.brazilianpress.com\/v1\/wp-content\/uploads\/2021\/03\/Foto-4-quem-soprou-as-velinhas.jpg\" alt=\"\" width=\"540\" height=\"450\" srcset=\"https:\/\/www.brazilianpress.com\/v1\/wp-content\/uploads\/2021\/03\/Foto-4-quem-soprou-as-velinhas.jpg 540w, https:\/\/www.brazilianpress.com\/v1\/wp-content\/uploads\/2021\/03\/Foto-4-quem-soprou-as-velinhas-300x250.jpg 300w\" sizes=\"(max-width: 540px) 100vw, 540px\" \/><br \/>\nQuem soprou tamb\u00e9m as velinhas foi a amiga Poliana Vasconcelos, Parab\u00e9ns e muitas felicidades!<\/strong><\/em><\/p>\n<p><em><strong><img loading=\"lazy\" class=\"alignnone size-full wp-image-47682\" src=\"https:\/\/www.brazilianpress.com\/v1\/wp-content\/uploads\/2021\/03\/Foto-5-Foto-Milly-Sleiman.jpg\" alt=\"\" width=\"688\" height=\"450\" srcset=\"https:\/\/www.brazilianpress.com\/v1\/wp-content\/uploads\/2021\/03\/Foto-5-Foto-Milly-Sleiman.jpg 688w, https:\/\/www.brazilianpress.com\/v1\/wp-content\/uploads\/2021\/03\/Foto-5-Foto-Milly-Sleiman-300x196.jpg 300w\" sizes=\"(max-width: 688px) 100vw, 688px\" \/><br \/>\nMilly Sleiman uma mulher guerreira e cheia de carisma que completa 50 anos de vida com muita sabedoria e beleza. Parab\u00e9ns<\/strong><\/em><\/p>\n<p><em><strong><img loading=\"lazy\" class=\"alignnone size-full wp-image-47683\" src=\"https:\/\/www.brazilianpress.com\/v1\/wp-content\/uploads\/2021\/03\/Foto-6-Rodrigo-Sims.jpg\" alt=\"\" width=\"700\" height=\"446\" srcset=\"https:\/\/www.brazilianpress.com\/v1\/wp-content\/uploads\/2021\/03\/Foto-6-Rodrigo-Sims.jpg 700w, https:\/\/www.brazilianpress.com\/v1\/wp-content\/uploads\/2021\/03\/Foto-6-Rodrigo-Sims-300x191.jpg 300w\" sizes=\"(max-width: 700px) 100vw, 700px\" \/><br \/>\nPeter Sims e a esposa Ana Sims sorridentes e de malas prontas com destino a cidade maravilhosa, boa viagem e aproveitem.<\/strong><\/em><\/p>\n<p><em><strong><img loading=\"lazy\" class=\"alignnone size-full wp-image-47684\" src=\"https:\/\/www.brazilianpress.com\/v1\/wp-content\/uploads\/2021\/03\/Foto-7-Dra-Lucy-takagi.jpg\" alt=\"\" width=\"626\" height=\"450\" srcset=\"https:\/\/www.brazilianpress.com\/v1\/wp-content\/uploads\/2021\/03\/Foto-7-Dra-Lucy-takagi.jpg 626w, https:\/\/www.brazilianpress.com\/v1\/wp-content\/uploads\/2021\/03\/Foto-7-Dra-Lucy-takagi-300x216.jpg 300w\" sizes=\"(max-width: 626px) 100vw, 626px\" \/><br \/>\nDra Lucy Takagi Psic\u00f3loga brasileira, tamb\u00e9m est\u00e1 comemorando mais um ano de vida e sucesso\u00a0 em seu trabalho!<\/strong><\/em><\/p>\n<p><em><strong><img loading=\"lazy\" class=\"alignnone size-full wp-image-47685\" src=\"https:\/\/www.brazilianpress.com\/v1\/wp-content\/uploads\/2021\/03\/Foto-8-O-aniversariante-Murilo.jpg\" alt=\"\" width=\"700\" height=\"413\" srcset=\"https:\/\/www.brazilianpress.com\/v1\/wp-content\/uploads\/2021\/03\/Foto-8-O-aniversariante-Murilo.jpg 700w, https:\/\/www.brazilianpress.com\/v1\/wp-content\/uploads\/2021\/03\/Foto-8-O-aniversariante-Murilo-300x177.jpg 300w\" sizes=\"(max-width: 700px) 100vw, 700px\" \/><br \/>\nO Aniversariante Murilo e sua esposa Suzana, comemorando o niver com muita harmonia, Parab\u00e9ns!<\/strong><\/em><\/p>\n<p><em><strong><img loading=\"lazy\" class=\"alignnone size-full wp-image-47686\" src=\"https:\/\/www.brazilianpress.com\/v1\/wp-content\/uploads\/2021\/03\/Foto-9-Ela-sabe-ter-samba-no-pe.jpg\" alt=\"\" width=\"700\" height=\"418\" srcset=\"https:\/\/www.brazilianpress.com\/v1\/wp-content\/uploads\/2021\/03\/Foto-9-Ela-sabe-ter-samba-no-pe.jpg 700w, https:\/\/www.brazilianpress.com\/v1\/wp-content\/uploads\/2021\/03\/Foto-9-Ela-sabe-ter-samba-no-pe-300x179.jpg 300w\" sizes=\"(max-width: 700px) 100vw, 700px\" \/><br \/>\nEla sabe ter samba no p\u00e9 e um gingado culin\u00e1rio que \u00e9 espetacular. Agora em seu restaurante Old Country BBQ em Harrison \u2013NJ; podemos curtir um karaok\u00ea, \u00f3tima comida em excelente companhia com todos os cuidados exigidos para a prote\u00e7\u00e3o do Covid. Sucesso e carisma sempre.<\/strong><\/em><\/p>\n","protected":false},"excerpt":{"rendered":"<p>Happy Birthday da semana vai para o renomado cirurgi\u00e3o pl\u00e1stico Dr. Joseph Racanelli. Nossos votos de muitas felicidades! Nossa querida C\u00e9lia Chantre Saldida\u00a0 \u00e9 um orgulho para nossa comunidade brasileira trabalha na \u00e1rea de mamografia a mais de 20 anos, aonde tem um programa gratuito de preven\u00e7\u00e3o de c\u00e2ncer de mama no Hospital Universit\u00e1rio. A nossa comunidade se alegra sempre que temos a presen\u00e7a deste casal nos eventos Sarah Torres e Gilberto Degoes Felicidades sempre ao casal. Quem soprou tamb\u00e9m as velinhas foi a amiga Poliana Vasconcelos, Parab\u00e9ns e muitas felicidades! Milly Sleiman uma mulher guerreira e cheia de carisma [&hellip;]<\/p>\n","protected":false},"author":1,"featured_media":47678,"comment_status":"open","ping_status":"open","sticky":false,"template":"","format":"standard","meta":{"_links_to":"","_links_to_target":""},"categories":[3,1,6],"tags":[],"views":1809,"_links":{"self":[{"href":"https:\/\/www.brazilianpress.com\/v1\/wp-json\/wp\/v2\/posts\/47688"}],"collection":[{"href":"https:\/\/www.brazilianpress.com\/v1\/wp-json\/wp\/v2\/posts"}],"about":[{"href":"https:\/\/www.brazilianpress.com\/v1\/wp-json\/wp\/v2\/types\/post"}],"author":[{"embeddable":true,"href":"https:\/\/www.brazilianpress.com\/v1\/wp-json\/wp\/v2\/users\/1"}],"replies":[{"embeddable":true,"href":"https:\/\/www.brazilianpress.com\/v1\/wp-json\/wp\/v2\/comments?post=47688"}],"version-history":[{"count":2,"href":"https:\/\/www.brazilianpress.com\/v1\/wp-json\/wp\/v2\/posts\/47688\/revisions"}],"predecessor-version":[{"id":47806,"href":"https:\/\/www.brazilianpress.com\/v1\/wp-json\/wp\/v2\/posts\/47688\/revisions\/47806"}],"wp:featuredmedia":[{"embeddable":true,"href":"https:\/\/www.brazilianpress.com\/v1\/wp-json\/wp\/v2\/media\/47678"}],"wp:attachment":[{"href":"https:\/\/www.brazilianpress.com\/v1\/wp-json\/wp\/v2\/media?parent=47688"}],"wp:term":[{"taxonomy":"category","embeddable":true,"href":"https:\/\/www.brazilianpress.com\/v1\/wp-json\/wp\/v2\/categories?post=47688"},{"taxonomy":"post_tag","embeddable":true,"href":"https:\/\/www.brazilianpress.com\/v1\/wp-json\/wp\/v2\/tags?post=47688"}],"curies":[{"name":"wp","href":"https:\/\/api.w.org\/{rel}","templated":true}]}}