{"id":47707,"date":"2021-03-19T14:19:06","date_gmt":"2021-03-19T18:19:06","guid":{"rendered":"https:\/\/www.brazilianpress.com\/v1\/?p=47707"},"modified":"2021-03-19T14:19:06","modified_gmt":"2021-03-19T18:19:06","slug":"congressistas-republicanos-apresentam-seu-proprio-plano-de-reforma-da-imigracao","status":"publish","type":"post","link":"https:\/\/www.brazilianpress.com\/v1\/2021\/03\/19\/congressistas-republicanos-apresentam-seu-proprio-plano-de-reforma-da-imigracao\/","title":{"rendered":"Congressistas republicanos apresentam seu pr\u00f3prio plano de reforma da imigra\u00e7\u00e3o"},"content":{"rendered":"<p><strong>Os congressistas republicanos apresentaram sua pr\u00f3pria vers\u00e3o de um plano de reforma da imigra\u00e7\u00e3o na quarta-feira, argumentando que a proposta democrata promovida pelo presidente Joe Biden n\u00e3o obteria o apoio bipartid\u00e1rio necess\u00e1rio no Congresso para sua aprova\u00e7\u00e3o.<\/strong><\/p>\n<p>&#8220;Meus colegas democratas apresentaram uma reforma da imigra\u00e7\u00e3o que eles sabem que nunca se tornar\u00e1 lei da forma como foi escrita&#8221;, disse a congressista da Fl\u00f3rida, Mar\u00eda Elvira Salazar, na quarta-feira, durante uma coletiva de imprensa em frente ao Capit\u00f3lio federal.<\/p>\n<p><img src=\"https:\/\/www.elnuevoherald.com\/noticias\/estados-unidos\/uv6xvy\/picture247160309\/alternates\/FREE_1140\/Maria%20elvira\" alt=\"Miami Rep. tries to fund job center with her paycheck | Miami Herald\" \/><\/p>\n<p>\u201cComo hisp\u00e2nicos, n\u00e3o queremos mais falsas promessas ou falsas esperan\u00e7as. Queremos que os 11 milh\u00f5es de imigrantes ilegais neste pa\u00eds sejam tratados com dignidade. Mas isso n\u00e3o vai acontecer se n\u00e3o pararmos a loucura na fronteira com permanentes e solu\u00e7\u00f5es verdadeiras, n\u00e3o com ordens executivas&#8221;, acrescentou.<\/p>\n<p>O projeto \u00e9 chamado de \u201cDignity Plan\u201d\u00a0e concederia uma permiss\u00e3o para viver legalmente no pa\u00eds para pessoas sem documentos que est\u00e3o nos Estados Unidos h\u00e1 pelo menos cinco anos.<\/p>\n<p>A autoriza\u00e7\u00e3o ser\u00e1 por 10 anos, ap\u00f3s os quais os imigrantes receber\u00e3o resid\u00eancia permanente.\u00a0Salazar estimou que 80% dos indocumentados nos Estados Unidos chegaram ao pa\u00eds h\u00e1 mais de cinco anos.<\/p>\n<p>O benef\u00edcio seria concedido \u00e0queles que n\u00e3o cometeram crimes e cumpriram o pagamento de seus tributos.<\/p>\n<p>&#8220;[O presidente Joe] Biden perdeu o controle da fronteira com o M\u00e9xico. At\u00e9 que ele possa implementar novas pol\u00edticas, ser\u00e1 muito dif\u00edcil fazer qualquer coisa pelos Dreamers ou qualquer outra pessoa&#8221;, disse a senadora republicana Lindsey Graham durante a confer\u00eancia, fazendo refer\u00eancia ao jovens indocumentados que vivem nos EUA.<\/p>\n<p>O plano republicano surge enquanto o projeto de lei de imigra\u00e7\u00e3o de Biden est\u00e1 para ser debatido na C\u00e2mara dos Representantes.<\/p>\n<p>Biden prop\u00f4s a cria\u00e7\u00e3o de uma rota para que os cerca de 11 milh\u00f5es de imigrantes que vivem sem situa\u00e7\u00e3o legal nos Estados Unidos possam ser naturalizados.<\/p>\n<p>Seu plano concede autoriza\u00e7\u00f5es a pessoas indocumentadas que chegaram aos Estados Unidos antes de 20 de janeiro de 2021 por cinco anos, ap\u00f3s os quais receberiam resid\u00eancia permanente.\u00a0Tr\u00eas anos depois, eles se qualificariam para solicitar a cidadania.<\/p>\n<p>Tamb\u00e9m concederia resid\u00eancia a destinat\u00e1rios do DACA e destinat\u00e1rios TPS.\u00a0Tamb\u00e9m inclui benef\u00edcios para trabalhadores agr\u00edcolas.<\/p>\n<p>O projeto de lei democrata tamb\u00e9m visa reduzir os longos tempos de espera para obter alguns vistos, melhorar a tecnologia de vigil\u00e2ncia de fronteiras e ajudar os pa\u00edses da Am\u00e9rica Central na esperan\u00e7a de diminuir a necessidade de as pessoas deix\u00e1-los.<\/p>\n","protected":false},"excerpt":{"rendered":"<p>Os congressistas republicanos apresentaram sua pr\u00f3pria vers\u00e3o de um plano de reforma da imigra\u00e7\u00e3o na quarta-feira, argumentando que a proposta democrata promovida pelo presidente Joe Biden n\u00e3o obteria o apoio bipartid\u00e1rio necess\u00e1rio no Congresso para sua aprova\u00e7\u00e3o. &#8220;Meus colegas democratas apresentaram uma reforma da imigra\u00e7\u00e3o que eles sabem que nunca se tornar\u00e1 lei da forma como foi escrita&#8221;, disse a congressista da Fl\u00f3rida, Mar\u00eda Elvira Salazar, na quarta-feira, durante uma coletiva de imprensa em frente ao Capit\u00f3lio federal. \u201cComo hisp\u00e2nicos, n\u00e3o queremos mais falsas promessas ou falsas esperan\u00e7as. Queremos que os 11 milh\u00f5es de imigrantes ilegais neste pa\u00eds sejam tratados [&hellip;]<\/p>\n","protected":false},"author":1,"featured_media":47708,"comment_status":"open","ping_status":"open","sticky":false,"template":"","format":"standard","meta":{"_links_to":"","_links_to_target":""},"categories":[3,1,10],"tags":[],"views":1647,"_links":{"self":[{"href":"https:\/\/www.brazilianpress.com\/v1\/wp-json\/wp\/v2\/posts\/47707"}],"collection":[{"href":"https:\/\/www.brazilianpress.com\/v1\/wp-json\/wp\/v2\/posts"}],"about":[{"href":"https:\/\/www.brazilianpress.com\/v1\/wp-json\/wp\/v2\/types\/post"}],"author":[{"embeddable":true,"href":"https:\/\/www.brazilianpress.com\/v1\/wp-json\/wp\/v2\/users\/1"}],"replies":[{"embeddable":true,"href":"https:\/\/www.brazilianpress.com\/v1\/wp-json\/wp\/v2\/comments?post=47707"}],"version-history":[{"count":1,"href":"https:\/\/www.brazilianpress.com\/v1\/wp-json\/wp\/v2\/posts\/47707\/revisions"}],"predecessor-version":[{"id":47709,"href":"https:\/\/www.brazilianpress.com\/v1\/wp-json\/wp\/v2\/posts\/47707\/revisions\/47709"}],"wp:featuredmedia":[{"embeddable":true,"href":"https:\/\/www.brazilianpress.com\/v1\/wp-json\/wp\/v2\/media\/47708"}],"wp:attachment":[{"href":"https:\/\/www.brazilianpress.com\/v1\/wp-json\/wp\/v2\/media?parent=47707"}],"wp:term":[{"taxonomy":"category","embeddable":true,"href":"https:\/\/www.brazilianpress.com\/v1\/wp-json\/wp\/v2\/categories?post=47707"},{"taxonomy":"post_tag","embeddable":true,"href":"https:\/\/www.brazilianpress.com\/v1\/wp-json\/wp\/v2\/tags?post=47707"}],"curies":[{"name":"wp","href":"https:\/\/api.w.org\/{rel}","templated":true}]}}