{"id":4799,"date":"2013-12-27T10:31:25","date_gmt":"2013-12-27T14:31:25","guid":{"rendered":"http:\/\/www.brazilianpress.com\/v1\/?p=4799"},"modified":"2013-12-27T12:03:15","modified_gmt":"2013-12-27T16:03:15","slug":"besiktas-descarta-contratacao-de-ronaldinho-informa-imprensa-turca","status":"publish","type":"post","link":"https:\/\/www.brazilianpress.com\/v1\/2013\/12\/27\/besiktas-descarta-contratacao-de-ronaldinho-informa-imprensa-turca\/","title":{"rendered":"Besiktas descarta contrata\u00e7\u00e3o de Ronaldinho, informa imprensa turca"},"content":{"rendered":"<p><img loading=\"lazy\" class=\"alignnone size-full wp-image-4801\" alt=\"ronaldinho\" src=\"http:\/\/www.brazilianpress.com\/v1\/wp-content\/uploads\/2013\/12\/ronaldinho1.jpg\" width=\"500\" height=\"296\" srcset=\"https:\/\/www.brazilianpress.com\/v1\/wp-content\/uploads\/2013\/12\/ronaldinho1.jpg 500w, https:\/\/www.brazilianpress.com\/v1\/wp-content\/uploads\/2013\/12\/ronaldinho1-300x177.jpg 300w\" sizes=\"(max-width: 500px) 100vw, 500px\" \/><\/p>\n<p>Em meio \u00e0 poss\u00edvel renova\u00e7\u00e3o do contrato de Ronaldinho Ga\u00facho, que acenou com a possibilidade de permanecer no Atl\u00e9tico-MG por mais uma temporada, o Besiktas, da Turquia, descartou a contrata\u00e7\u00e3o do meia brasileiro.<\/p>\n<p>&#8220;N\u00f3s desistimos da transfer\u00eancia de Ronaldinho em uma nova conversar h\u00e1 um tempo. Realizamos alguns contatos, mas o assunto Ronaldinho&#8230; se encerrou para n\u00f3s agora&#8221;, afirmou o vice-presidente do clube turco, Ahmed Nur, ao site do portal Sebah, um dos jornais de grande circula\u00e7\u00e3o na Turquia.<!--more--><\/p>\n<p>Antes mesmo da disputa do Mundial de Clubes, em que o Atl\u00e9tico decepcionou e terminou em terceiro lugar, Ronaldinho Ga\u00facho havia manifestado o desejo de prorrogar o contrato por mais uma temporada. O acordo ser\u00e1 feito por seu empres\u00e1rio e irm\u00e3o Roberto Assis.<\/p>\n<p>Depois da derrota para o Raja Casablanca, por 3 a 1, que tirou o Atl\u00e9tico da final com o Bayern de Munique, o presidente Alexandre Kalil disse que a reuni\u00e3o com Assis vai durar meio hora. Segundo o dirigente, o acerto depende de Ronaldinho Ga\u00facho.<\/p>\n<p>Em um ano e meio em Belo Horizonte, Ronaldinho conquistou a torcida alvinegra e ganhou status de \u00eddolo dos atleticanos. Nesse per\u00edodo, ele foi vice-campe\u00e3o brasileiro em 2012, campe\u00e3o mineiro e da Libertadores em 2013.<\/p>\n","protected":false},"excerpt":{"rendered":"<p>Em meio \u00e0 poss\u00edvel renova\u00e7\u00e3o do contrato de Ronaldinho Ga\u00facho, que acenou com a possibilidade de permanecer no Atl\u00e9tico-MG por mais uma temporada, o Besiktas, da Turquia, descartou a contrata\u00e7\u00e3o do meia brasileiro. &#8220;N\u00f3s desistimos da transfer\u00eancia de Ronaldinho em uma nova conversar h\u00e1 um tempo. Realizamos alguns contatos, mas o assunto Ronaldinho&#8230; se encerrou para n\u00f3s agora&#8221;, afirmou o vice-presidente do clube turco, Ahmed Nur, ao site do portal Sebah, um dos jornais de grande circula\u00e7\u00e3o na Turquia.<\/p>\n","protected":false},"author":1,"featured_media":4801,"comment_status":"open","ping_status":"open","sticky":false,"template":"","format":"standard","meta":{"_links_to":"","_links_to_target":""},"categories":[9,1],"tags":[],"views":2000,"_links":{"self":[{"href":"https:\/\/www.brazilianpress.com\/v1\/wp-json\/wp\/v2\/posts\/4799"}],"collection":[{"href":"https:\/\/www.brazilianpress.com\/v1\/wp-json\/wp\/v2\/posts"}],"about":[{"href":"https:\/\/www.brazilianpress.com\/v1\/wp-json\/wp\/v2\/types\/post"}],"author":[{"embeddable":true,"href":"https:\/\/www.brazilianpress.com\/v1\/wp-json\/wp\/v2\/users\/1"}],"replies":[{"embeddable":true,"href":"https:\/\/www.brazilianpress.com\/v1\/wp-json\/wp\/v2\/comments?post=4799"}],"version-history":[{"count":3,"href":"https:\/\/www.brazilianpress.com\/v1\/wp-json\/wp\/v2\/posts\/4799\/revisions"}],"predecessor-version":[{"id":4803,"href":"https:\/\/www.brazilianpress.com\/v1\/wp-json\/wp\/v2\/posts\/4799\/revisions\/4803"}],"wp:featuredmedia":[{"embeddable":true,"href":"https:\/\/www.brazilianpress.com\/v1\/wp-json\/wp\/v2\/media\/4801"}],"wp:attachment":[{"href":"https:\/\/www.brazilianpress.com\/v1\/wp-json\/wp\/v2\/media?parent=4799"}],"wp:term":[{"taxonomy":"category","embeddable":true,"href":"https:\/\/www.brazilianpress.com\/v1\/wp-json\/wp\/v2\/categories?post=4799"},{"taxonomy":"post_tag","embeddable":true,"href":"https:\/\/www.brazilianpress.com\/v1\/wp-json\/wp\/v2\/tags?post=4799"}],"curies":[{"name":"wp","href":"https:\/\/api.w.org\/{rel}","templated":true}]}}