{"id":4808,"date":"2013-12-27T11:50:11","date_gmt":"2013-12-27T15:50:11","guid":{"rendered":"http:\/\/www.brazilianpress.com\/v1\/?p=4808"},"modified":"2013-12-27T11:50:11","modified_gmt":"2013-12-27T15:50:11","slug":"atentado-com-carro-bomba-contra-a-policia-deixa-13-mortos-no-egito","status":"publish","type":"post","link":"https:\/\/www.brazilianpress.com\/v1\/2013\/12\/27\/atentado-com-carro-bomba-contra-a-policia-deixa-13-mortos-no-egito\/","title":{"rendered":"Atentado com carro-bomba contra a pol\u00edcia deixa 13 mortos no Egito"},"content":{"rendered":"<p><img loading=\"lazy\" class=\"alignnone size-full wp-image-4810\" alt=\"egito atentado bomba\" src=\"http:\/\/www.brazilianpress.com\/v1\/wp-content\/uploads\/2013\/12\/egito-atentado-bomba.jpg\" width=\"500\" height=\"334\" srcset=\"https:\/\/www.brazilianpress.com\/v1\/wp-content\/uploads\/2013\/12\/egito-atentado-bomba.jpg 500w, https:\/\/www.brazilianpress.com\/v1\/wp-content\/uploads\/2013\/12\/egito-atentado-bomba-300x200.jpg 300w\" sizes=\"(max-width: 500px) 100vw, 500px\" \/><\/p>\n<p>Um carro-bomba matou 13 pessoas e deixou mais de 100 feridas na ter\u00e7a-feira em frente a um edif\u00edcio da pol\u00edcia no Egito, em um dos atentados mais sangrentos desde que o presidente islamita Mohamed Mursi foi deposto pelo ex\u00e9rcito, em julho.<\/p>\n<p>O minist\u00e9rio do Interior informou que 12 policiais figuravam entre os mortos e, segundo fontes m\u00e9dicas, um civil tamb\u00e9m faleceu no ataque. Estas fontes haviam informado anteriormente sobre 14 mortos e uma centena de feridos.<!--more--><\/p>\n<p>As autoridades interinas eg\u00edpcias, que classificaram a a\u00e7\u00e3o como uma tentativa de dificultar a transi\u00e7\u00e3o do pa\u00eds em dire\u00e7\u00e3o \u00e0 democracia, consideram que a Irmandade Mu\u00e7ulmana est\u00e1 por tr\u00e1s do atentado.<\/p>\n<p>O grupo do qual Mursi \u00e9 proveniente condenou este atentado com carro-bomba, cometido em Mansura, no delta do Nilo. Mas no local do ataque se ouviam vozes que acusavam o grupo de ser o respons\u00e1vel pelo crime.<\/p>\n<p>Durante a noite, um caminh\u00e3o carregado, segundo o minist\u00e9rio do Interior, com dezenas de quilos de explosivos explodiu em frente a um edif\u00edcio da pol\u00edcia desta cidade, capital provincial de Daqaleya.<\/p>\n","protected":false},"excerpt":{"rendered":"<p>Um carro-bomba matou 13 pessoas e deixou mais de 100 feridas na ter\u00e7a-feira em frente a um edif\u00edcio da pol\u00edcia no Egito, em um dos atentados mais sangrentos desde que o presidente islamita Mohamed Mursi foi deposto pelo ex\u00e9rcito, em julho. O minist\u00e9rio do Interior informou que 12 policiais figuravam entre os mortos e, segundo fontes m\u00e9dicas, um civil tamb\u00e9m faleceu no ataque. Estas fontes haviam informado anteriormente sobre 14 mortos e uma centena de feridos.<\/p>\n","protected":false},"author":1,"featured_media":4810,"comment_status":"open","ping_status":"open","sticky":false,"template":"","format":"standard","meta":{"_links_to":"","_links_to_target":""},"categories":[8,1],"tags":[],"views":2323,"_links":{"self":[{"href":"https:\/\/www.brazilianpress.com\/v1\/wp-json\/wp\/v2\/posts\/4808"}],"collection":[{"href":"https:\/\/www.brazilianpress.com\/v1\/wp-json\/wp\/v2\/posts"}],"about":[{"href":"https:\/\/www.brazilianpress.com\/v1\/wp-json\/wp\/v2\/types\/post"}],"author":[{"embeddable":true,"href":"https:\/\/www.brazilianpress.com\/v1\/wp-json\/wp\/v2\/users\/1"}],"replies":[{"embeddable":true,"href":"https:\/\/www.brazilianpress.com\/v1\/wp-json\/wp\/v2\/comments?post=4808"}],"version-history":[{"count":1,"href":"https:\/\/www.brazilianpress.com\/v1\/wp-json\/wp\/v2\/posts\/4808\/revisions"}],"predecessor-version":[{"id":4811,"href":"https:\/\/www.brazilianpress.com\/v1\/wp-json\/wp\/v2\/posts\/4808\/revisions\/4811"}],"wp:featuredmedia":[{"embeddable":true,"href":"https:\/\/www.brazilianpress.com\/v1\/wp-json\/wp\/v2\/media\/4810"}],"wp:attachment":[{"href":"https:\/\/www.brazilianpress.com\/v1\/wp-json\/wp\/v2\/media?parent=4808"}],"wp:term":[{"taxonomy":"category","embeddable":true,"href":"https:\/\/www.brazilianpress.com\/v1\/wp-json\/wp\/v2\/categories?post=4808"},{"taxonomy":"post_tag","embeddable":true,"href":"https:\/\/www.brazilianpress.com\/v1\/wp-json\/wp\/v2\/tags?post=4808"}],"curies":[{"name":"wp","href":"https:\/\/api.w.org\/{rel}","templated":true}]}}