{"id":48865,"date":"2021-07-09T13:04:37","date_gmt":"2021-07-09T17:04:37","guid":{"rendered":"https:\/\/www.brazilianpress.com\/v1\/?p=48865"},"modified":"2021-07-09T13:04:37","modified_gmt":"2021-07-09T17:04:37","slug":"comunidade-cidade-de-newark-nj-lanca-programa-de-emprego-para-jovens-no-verao","status":"publish","type":"post","link":"https:\/\/www.brazilianpress.com\/v1\/2021\/07\/09\/comunidade-cidade-de-newark-nj-lanca-programa-de-emprego-para-jovens-no-verao\/","title":{"rendered":"Comunidade: Cidade de Newark, NJ, lan\u00e7a programa de emprego para jovens no ver\u00e3o"},"content":{"rendered":"<p><strong>A cidade de Newark lan\u00e7ou na quarta-feira o Newark 2021 Summer Youth Employment Program (SYEP), uma iniciativa que ser\u00e1 por seis meses (julho a agosto) que visa empregar mais de 3.000 residentes de Newark, com idades entre 14 e 24 anos, que desejam ter experi\u00eancias de aprendizagem e de emprego durante o ver\u00e3o.<\/strong><\/p>\n<p>O an\u00fancio foi feito pelo prefeito Ras J. Baraka que se juntou a diversos apoiadores filantr\u00f3picos locais e nacionais, representantes da comunidade empresarial e universit\u00e1ria e participantes do programa adolescente, para lan\u00e7ar este programa de ver\u00e3o que visa treinar os jovens em suas carreiras e ensinar as habilidades financeiras.<\/p>\n<p>Com o programa os jovens receber\u00e3o uma experi\u00eancia que inclui webinars, experi\u00eancias de trabalho remoto e\u00a0<em>coaching<\/em>\u00a0virtual com algumas apresenta\u00e7\u00f5es presenciais e oportunidades de aprendizagem.<\/p>\n<p>\u201cQuando assumi o cargo, estabelecemos em Newark a meta de aumentar a escala e a qualidade do Programa de Emprego para Jovens no Ver\u00e3o, porque reconhe\u00e7o a oportunidade \u00fanica que ele oferece aos nossos jovens.\u00a0Agora \u00e9 um modelo de parceria p\u00fablico-privada e um recurso particularmente importante neste ver\u00e3o\u201d, disse o prefeito Baraka.<\/p>\n<p><em>O Newark SYEP<\/em>\u00a0serve como uma \u201cponte\u201d cr\u00edtica enquanto a cidade prepara seus jovens para retornar \u00e0 escola em tempo integral no outono, e toda a cidade de Newark retorna \u201c<em>Juntos Novamente<\/em>\u201d neste ver\u00e3o, disse o prefeito.<\/p>\n<p>Os jovens matriculados participar\u00e3o de projetos independentes e em grupo que ajudam a responder perguntas complexas, problemas do mundo real ou receber atribui\u00e7\u00f5es de trabalho baseadas em projetos.\u00a0Todos os projetos ir\u00e3o refor\u00e7ar o pensamento cr\u00edtico, colabora\u00e7\u00e3o, responsabilidade, iniciativa, criatividade, resolu\u00e7\u00e3o de problemas, responsabilidade e comunica\u00e7\u00e3o.\u00a0Os participantes desenvolver\u00e3o um conhecimento profundo do conte\u00fado de uma habilidade espec\u00edfica do local de trabalho e \/ ou aumentar\u00e3o sua compreens\u00e3o das carreiras e demonstrar\u00e3o seus conhecimentos e habilidades criando um produto \/ apresenta\u00e7\u00e3o p\u00fablica para empregadores, parceiros e colegas.<\/p>\n<p>Os setores em foco deste ano incluem: artes, desenvolvimento da primeira inf\u00e2ncia, educa\u00e7\u00e3o, empreendedorismo, marketing, m\u00eddia, m\u00fasica, justi\u00e7a social, advocacia, ativismo, ci\u00eancia, tecnologia, entre outros.<\/p>\n<p>O curr\u00edculo do programa inclui t\u00f3picos de sa\u00fade mental e bem-estar para ajudar os jovens a lidar com a pandemia, estabelecer h\u00e1bitos saud\u00e1veis \u200b\u200bpara seu bem-estar cont\u00ednuo e uma melhor qualidade de vida geral no futuro.\u00a0\u00c9 projetado para equip\u00e1-los com conhecimentos pr\u00e1ticos, ferramentas e medir seu progresso anual \u00e0 medida que desenvolvem as habilidades necess\u00e1rias para criar caminhos reais para carreiras pr\u00f3speras e independ\u00eancia financeira.<\/p>\n<p>Al\u00e9m do componente educacional do programa, a equipe do SYEP de Newark criou parcerias para oferecer recursos abrangentes diretamente \u00e0s fam\u00edlias e garantir que os jovens tenham a tecnologia e a nutri\u00e7\u00e3o de que precisam para ter sucesso.<\/p>\n<p>&nbsp;<\/p>\n","protected":false},"excerpt":{"rendered":"<p>A cidade de Newark lan\u00e7ou na quarta-feira o Newark 2021 Summer Youth Employment Program (SYEP), uma iniciativa que ser\u00e1 por seis meses (julho a agosto) que visa empregar mais de 3.000 residentes de Newark, com idades entre 14 e 24 anos, que desejam ter experi\u00eancias de aprendizagem e de emprego durante o ver\u00e3o. O an\u00fancio foi feito pelo prefeito Ras J. Baraka que se juntou a diversos apoiadores filantr\u00f3picos locais e nacionais, representantes da comunidade empresarial e universit\u00e1ria e participantes do programa adolescente, para lan\u00e7ar este programa de ver\u00e3o que visa treinar os jovens em suas carreiras e ensinar as [&hellip;]<\/p>\n","protected":false},"author":1,"featured_media":48866,"comment_status":"open","ping_status":"open","sticky":false,"template":"","format":"standard","meta":{"_links_to":"","_links_to_target":""},"categories":[4,3,1],"tags":[],"views":1147,"_links":{"self":[{"href":"https:\/\/www.brazilianpress.com\/v1\/wp-json\/wp\/v2\/posts\/48865"}],"collection":[{"href":"https:\/\/www.brazilianpress.com\/v1\/wp-json\/wp\/v2\/posts"}],"about":[{"href":"https:\/\/www.brazilianpress.com\/v1\/wp-json\/wp\/v2\/types\/post"}],"author":[{"embeddable":true,"href":"https:\/\/www.brazilianpress.com\/v1\/wp-json\/wp\/v2\/users\/1"}],"replies":[{"embeddable":true,"href":"https:\/\/www.brazilianpress.com\/v1\/wp-json\/wp\/v2\/comments?post=48865"}],"version-history":[{"count":1,"href":"https:\/\/www.brazilianpress.com\/v1\/wp-json\/wp\/v2\/posts\/48865\/revisions"}],"predecessor-version":[{"id":48867,"href":"https:\/\/www.brazilianpress.com\/v1\/wp-json\/wp\/v2\/posts\/48865\/revisions\/48867"}],"wp:featuredmedia":[{"embeddable":true,"href":"https:\/\/www.brazilianpress.com\/v1\/wp-json\/wp\/v2\/media\/48866"}],"wp:attachment":[{"href":"https:\/\/www.brazilianpress.com\/v1\/wp-json\/wp\/v2\/media?parent=48865"}],"wp:term":[{"taxonomy":"category","embeddable":true,"href":"https:\/\/www.brazilianpress.com\/v1\/wp-json\/wp\/v2\/categories?post=48865"},{"taxonomy":"post_tag","embeddable":true,"href":"https:\/\/www.brazilianpress.com\/v1\/wp-json\/wp\/v2\/tags?post=48865"}],"curies":[{"name":"wp","href":"https:\/\/api.w.org\/{rel}","templated":true}]}}