{"id":48868,"date":"2021-07-09T13:14:59","date_gmt":"2021-07-09T17:14:59","guid":{"rendered":"https:\/\/www.brazilianpress.com\/v1\/?p=48868"},"modified":"2021-07-09T13:14:59","modified_gmt":"2021-07-09T17:14:59","slug":"comunidade-pede-ajuda-para-isaac-lima","status":"publish","type":"post","link":"https:\/\/www.brazilianpress.com\/v1\/2021\/07\/09\/comunidade-pede-ajuda-para-isaac-lima\/","title":{"rendered":"Comunidade pede ajuda para Isaac Lima"},"content":{"rendered":"<p><strong>Energ\u00e9tico, de bom cora\u00e7\u00e3o e destemido. Esse \u00e9 Isaac Lima. Ele \u00e9 o tipo de crian\u00e7a que experimenta todos os esportes poss\u00edveis; quanto mais desafiador, melhor. O tipo de colega de equipe que anima os colegas depois de um dia ruim e os encoraja quando est\u00e3o desanimados com sua natureza doce e vibrante. Ele \u00e9 o tipo de atleta que \u00e9 o primeiro a tentar uma nova manobra na pr\u00e1tica, sem medo do risco ou perigo, com 100% de foco no dom\u00ednio do seu of\u00edcio. Esse \u00e9 Isaac Lima.<\/strong><\/p>\n<p>Com a idade de 14 anos e rec\u00e9m-formado na 8\u00aa s\u00e9rie, Isaac mostrou sua resili\u00eancia e talento atl\u00e9tico em uma s\u00e9rie de esportes ao longo dos \u00faltimos sete anos, mais notavelmente: dan\u00e7a, gin\u00e1stica ol\u00edmpica e l\u00edder de torcida competitiva. Seu esfor\u00e7o atl\u00e9tico mais recente foi como l\u00edder de torcida na Academia Central Jersey All Stars na cidade de Kenilworth, Nova Jersey, realizando alguns dos saltos e flips mais complexos conhecidos no esporte. Mas na ter\u00e7a-feira, 29 de junho de 2021, o que deveria ser outra pr\u00e1tica comum se tornou um dos momentos mais aterrorizantes e sem precedentes da vida de Isaac.<\/p>\n<p><img loading=\"lazy\" class=\"alignnone size-full wp-image-48870\" src=\"https:\/\/www.brazilianpress.com\/v1\/wp-content\/uploads\/2021\/07\/ajuda-isaac-lima-3.jpg\" alt=\"\" width=\"700\" height=\"439\" srcset=\"https:\/\/www.brazilianpress.com\/v1\/wp-content\/uploads\/2021\/07\/ajuda-isaac-lima-3.jpg 700w, https:\/\/www.brazilianpress.com\/v1\/wp-content\/uploads\/2021\/07\/ajuda-isaac-lima-3-300x188.jpg 300w\" sizes=\"(max-width: 700px) 100vw, 700px\" \/><\/p>\n<p>Enquanto fazia uma manobra, Isaac, de 14 anos, sofreu uma queda terr\u00edvel, quebrou o pescoco, resultando em uma les\u00e3o grave na medula espinhal que o deixou incapaz de se mover do pesco\u00e7o para baixo. Ele foi levado \u00e0s pressas para o Newark University Hospital, em Nova Jersey para se submeter a uma cirurgia de emerg\u00eancia. No proximo dia se submetou a outra cirurgia complexa.\u00a0 Os m\u00e9dicos previram que as chances de Isaac recuperar o movimento completo aumentaram de 3% para 50%; no entanto, ele ainda \u00e9 incapaz de mover seus bra\u00e7os ou pernas e provavelmente precisar\u00e1 de uma extensa reabilita\u00e7\u00e3o f\u00edsica para ajud\u00e1-lo a se tornar totalmente m\u00f3vel novamente.<\/p>\n<p><img loading=\"lazy\" class=\"alignnone size-full wp-image-48873\" src=\"https:\/\/www.brazilianpress.com\/v1\/wp-content\/uploads\/2021\/07\/ajuda-isaac-lima-6.jpg\" alt=\"\" width=\"663\" height=\"450\" srcset=\"https:\/\/www.brazilianpress.com\/v1\/wp-content\/uploads\/2021\/07\/ajuda-isaac-lima-6.jpg 663w, https:\/\/www.brazilianpress.com\/v1\/wp-content\/uploads\/2021\/07\/ajuda-isaac-lima-6-300x204.jpg 300w\" sizes=\"(max-width: 663px) 100vw, 663px\" \/><\/p>\n<p>Isaac e sua fam\u00edlia j\u00e1 incorreram e continuar\u00e3o a incorrer em pesados custos m\u00e9dicos em seu caminho para a recupera\u00e7\u00e3o, incluindo: os custos de seus procedimentos e quaisquer cirurgias futuras, modifica\u00e7\u00f5es em sua casa (incluindo rampas para cadeiras de rodas e outras acessibilidades para deficientes), equipamento especializado para ajudar no banho, usar o banheiro, entre outras tarefas di\u00e1rias, bem como o custo da fisioterapia e reabilita\u00e7\u00e3o de longo prazo. As enormes despesas m\u00e9dicas, combinadas com a incerteza do que o futuro reserva para a mobilidade e carreira atl\u00e9tica de Isaac, colocaram uma tremenda press\u00e3o sobre a fam\u00edlia Lima. Eles est\u00e3o entrando em contato com amigos, familiares e sua comunidade para qualquer apoio potencial durante este per\u00edodo incrivelmente dif\u00edcil. Doa\u00e7\u00f5es de qualquer quantia ser\u00e3o muito apreciadas, e todos os fundos recebidos ir\u00e3o para o custo das despesas listadas acima. Qualquer medida de apoio, seja uma pequena doa\u00e7\u00e3o, uma mensagem de incentivo ou uma ora\u00e7\u00e3o sincera pela recupera\u00e7\u00e3o de Isaac, ser\u00e1 aceita com sincera gratid\u00e3o e apre\u00e7o.<\/p>\n<p><strong>Let\u2019s Help Isaac Win the Biggest Fight of His Life, organized by Isaac Lima \u00a0<\/strong>gofund.me.\u00a0 Mais informa\u00e7\u00f5es com o tio do Isaac Lima<strong>, Petronio Romero (908) 432-9823 or email: <\/strong><strong><a href=\"mailto:peterlealr@gmail.com\">peterlealr@gmail.com<\/a><\/strong><\/p>\n<p><img loading=\"lazy\" class=\"alignnone size-full wp-image-48872\" src=\"https:\/\/www.brazilianpress.com\/v1\/wp-content\/uploads\/2021\/07\/ajuda-isaac-lima-5.jpg\" alt=\"\" width=\"686\" height=\"450\" srcset=\"https:\/\/www.brazilianpress.com\/v1\/wp-content\/uploads\/2021\/07\/ajuda-isaac-lima-5.jpg 686w, https:\/\/www.brazilianpress.com\/v1\/wp-content\/uploads\/2021\/07\/ajuda-isaac-lima-5-300x197.jpg 300w\" sizes=\"(max-width: 686px) 100vw, 686px\" \/><\/p>\n<p><img loading=\"lazy\" class=\"alignnone size-full wp-image-48869\" src=\"https:\/\/www.brazilianpress.com\/v1\/wp-content\/uploads\/2021\/07\/ajuda-isaac-lima-1.jpg\" alt=\"\" width=\"595\" height=\"450\" srcset=\"https:\/\/www.brazilianpress.com\/v1\/wp-content\/uploads\/2021\/07\/ajuda-isaac-lima-1.jpg 595w, https:\/\/www.brazilianpress.com\/v1\/wp-content\/uploads\/2021\/07\/ajuda-isaac-lima-1-300x227.jpg 300w, https:\/\/www.brazilianpress.com\/v1\/wp-content\/uploads\/2021\/07\/ajuda-isaac-lima-1-180x135.jpg 180w\" sizes=\"(max-width: 595px) 100vw, 595px\" \/><\/p>\n<p><img src=\"https:\/\/i.imgur.com\/biy3KQp.jpg\" \/><\/p>\n<p>&nbsp;<\/p>\n<p>&nbsp;<\/p>\n","protected":false},"excerpt":{"rendered":"<p>Energ\u00e9tico, de bom cora\u00e7\u00e3o e destemido. Esse \u00e9 Isaac Lima. Ele \u00e9 o tipo de crian\u00e7a que experimenta todos os esportes poss\u00edveis; quanto mais desafiador, melhor. O tipo de colega de equipe que anima os colegas depois de um dia ruim e os encoraja quando est\u00e3o desanimados com sua natureza doce e vibrante. Ele \u00e9 o tipo de atleta que \u00e9 o primeiro a tentar uma nova manobra na pr\u00e1tica, sem medo do risco ou perigo, com 100% de foco no dom\u00ednio do seu of\u00edcio. Esse \u00e9 Isaac Lima. Com a idade de 14 anos e rec\u00e9m-formado na 8\u00aa s\u00e9rie, [&hellip;]<\/p>\n","protected":false},"author":1,"featured_media":48871,"comment_status":"open","ping_status":"open","sticky":false,"template":"","format":"standard","meta":{"_links_to":"","_links_to_target":""},"categories":[4,3,1],"tags":[],"views":1109,"_links":{"self":[{"href":"https:\/\/www.brazilianpress.com\/v1\/wp-json\/wp\/v2\/posts\/48868"}],"collection":[{"href":"https:\/\/www.brazilianpress.com\/v1\/wp-json\/wp\/v2\/posts"}],"about":[{"href":"https:\/\/www.brazilianpress.com\/v1\/wp-json\/wp\/v2\/types\/post"}],"author":[{"embeddable":true,"href":"https:\/\/www.brazilianpress.com\/v1\/wp-json\/wp\/v2\/users\/1"}],"replies":[{"embeddable":true,"href":"https:\/\/www.brazilianpress.com\/v1\/wp-json\/wp\/v2\/comments?post=48868"}],"version-history":[{"count":2,"href":"https:\/\/www.brazilianpress.com\/v1\/wp-json\/wp\/v2\/posts\/48868\/revisions"}],"predecessor-version":[{"id":48875,"href":"https:\/\/www.brazilianpress.com\/v1\/wp-json\/wp\/v2\/posts\/48868\/revisions\/48875"}],"wp:featuredmedia":[{"embeddable":true,"href":"https:\/\/www.brazilianpress.com\/v1\/wp-json\/wp\/v2\/media\/48871"}],"wp:attachment":[{"href":"https:\/\/www.brazilianpress.com\/v1\/wp-json\/wp\/v2\/media?parent=48868"}],"wp:term":[{"taxonomy":"category","embeddable":true,"href":"https:\/\/www.brazilianpress.com\/v1\/wp-json\/wp\/v2\/categories?post=48868"},{"taxonomy":"post_tag","embeddable":true,"href":"https:\/\/www.brazilianpress.com\/v1\/wp-json\/wp\/v2\/tags?post=48868"}],"curies":[{"name":"wp","href":"https:\/\/api.w.org\/{rel}","templated":true}]}}