{"id":48987,"date":"2021-07-23T10:09:48","date_gmt":"2021-07-23T14:09:48","guid":{"rendered":"https:\/\/www.brazilianpress.com\/v1\/?p=48987"},"modified":"2021-07-23T10:09:48","modified_gmt":"2021-07-23T14:09:48","slug":"social-press-23-7-2021","status":"publish","type":"post","link":"https:\/\/www.brazilianpress.com\/v1\/2021\/07\/23\/social-press-23-7-2021\/","title":{"rendered":"Social Press . 23\/7\/2021"},"content":{"rendered":"<p><strong><em><img loading=\"lazy\" class=\"alignnone size-full wp-image-48980\" src=\"https:\/\/www.brazilianpress.com\/v1\/wp-content\/uploads\/2021\/07\/Academia-1.jpg\" alt=\"\" width=\"700\" height=\"442\" srcset=\"https:\/\/www.brazilianpress.com\/v1\/wp-content\/uploads\/2021\/07\/Academia-1.jpg 700w, https:\/\/www.brazilianpress.com\/v1\/wp-content\/uploads\/2021\/07\/Academia-1-300x189.jpg 300w\" sizes=\"(max-width: 700px) 100vw, 700px\" \/><br \/>\nO atual campe\u00e3o do UFC Charles Oliveira esteve nos visitando ontem, onde pode relembrar sua primeira luta nos EUA a onze anos e tamb\u00e9m das hist\u00f3rias da prepara\u00e7\u00e3o no Ironbound que deram in\u00edcio a sua trajet\u00f3ria na Am\u00e9rica .<\/em><\/strong><\/p>\n<p><strong><em><img loading=\"lazy\" class=\"alignnone size-full wp-image-48981\" src=\"https:\/\/www.brazilianpress.com\/v1\/wp-content\/uploads\/2021\/07\/Foto-2-Entao-olha-so-quem-esta-completando.jpeg\" alt=\"\" width=\"700\" height=\"421\" srcset=\"https:\/\/www.brazilianpress.com\/v1\/wp-content\/uploads\/2021\/07\/Foto-2-Entao-olha-so-quem-esta-completando.jpeg 700w, https:\/\/www.brazilianpress.com\/v1\/wp-content\/uploads\/2021\/07\/Foto-2-Entao-olha-so-quem-esta-completando-300x180.jpeg 300w\" sizes=\"(max-width: 700px) 100vw, 700px\" \/><br \/>\nEnt\u00e3o olha s\u00f3 quem est\u00e1 completando e celebrando 2 meses de vida o pequeno Edgar Makimoto III e claro no colinho da vov\u00f3 mais que coruja Lilian Oliveira. Cada dia temos que celebrar a vida pq ela \u00e9 maravilhosa.<\/em><\/strong><\/p>\n<p><strong><em><img loading=\"lazy\" class=\"alignnone size-full wp-image-48982\" src=\"https:\/\/www.brazilianpress.com\/v1\/wp-content\/uploads\/2021\/07\/Foto-3-E-esta-geracao.jpg\" alt=\"\" width=\"697\" height=\"450\" srcset=\"https:\/\/www.brazilianpress.com\/v1\/wp-content\/uploads\/2021\/07\/Foto-3-E-esta-geracao.jpg 697w, https:\/\/www.brazilianpress.com\/v1\/wp-content\/uploads\/2021\/07\/Foto-3-E-esta-geracao-300x194.jpg 300w\" sizes=\"(max-width: 697px) 100vw, 697px\" \/><br \/>\nE esta gera\u00e7\u00e3o que cresce em um piscar de olhos !!! Quem est\u00e1 feliz comemorando seus 16 anos \u00e9 esta garota linda e cheia de energia Emily de Souza. Parab\u00e9ns Emily que vc realize todos os sonhos do seu cora\u00e7\u00e3o.<\/em><\/strong><\/p>\n<p><strong><em><img loading=\"lazy\" class=\"alignnone size-full wp-image-48983\" src=\"https:\/\/www.brazilianpress.com\/v1\/wp-content\/uploads\/2021\/07\/Foto-4-Seja-bem-vinda-Ellie.jpg\" alt=\"\" width=\"700\" height=\"438\" srcset=\"https:\/\/www.brazilianpress.com\/v1\/wp-content\/uploads\/2021\/07\/Foto-4-Seja-bem-vinda-Ellie.jpg 700w, https:\/\/www.brazilianpress.com\/v1\/wp-content\/uploads\/2021\/07\/Foto-4-Seja-bem-vinda-Ellie-300x188.jpg 300w\" sizes=\"(max-width: 700px) 100vw, 700px\" \/><br \/>\nSeja bem vinda Ellie nasceu em 14 de julho \u00e0s 9h56! Pesando 8 libras, 12 on\u00e7as e 21 pol. Ela \u00e9 resultado de um casamento lindo entre D\u00e9bora e Rafael De Oliveira. Felicidade a toda a fam\u00edlia que esperava ansiosa pela chegada deste lindo anjinho.<\/em><\/strong><\/p>\n<p><strong><em><img loading=\"lazy\" class=\"alignnone size-full wp-image-48984\" src=\"https:\/\/www.brazilianpress.com\/v1\/wp-content\/uploads\/2021\/07\/Foto-5-Brigida-M-Silva.jpg\" alt=\"\" width=\"700\" height=\"425\" srcset=\"https:\/\/www.brazilianpress.com\/v1\/wp-content\/uploads\/2021\/07\/Foto-5-Brigida-M-Silva.jpg 700w, https:\/\/www.brazilianpress.com\/v1\/wp-content\/uploads\/2021\/07\/Foto-5-Brigida-M-Silva-300x182.jpg 300w\" sizes=\"(max-width: 700px) 100vw, 700px\" \/><br \/>\nBri\u0301gida M Silva e Wanderlei C .Silva celebraram 27 anos de casamento em uma uni\u00e3o cheia de companheirismo e de harmonia. Felicidade sempre ao casal.<\/em><\/strong><\/p>\n<p><strong><em><img loading=\"lazy\" class=\"alignnone size-full wp-image-48985\" src=\"https:\/\/www.brazilianpress.com\/v1\/wp-content\/uploads\/2021\/07\/Foto-6-nem-sempre-temos-grandes-oportunidades.jpg\" alt=\"\" width=\"450\" height=\"450\" srcset=\"https:\/\/www.brazilianpress.com\/v1\/wp-content\/uploads\/2021\/07\/Foto-6-nem-sempre-temos-grandes-oportunidades.jpg 450w, https:\/\/www.brazilianpress.com\/v1\/wp-content\/uploads\/2021\/07\/Foto-6-nem-sempre-temos-grandes-oportunidades-300x300.jpg 300w, https:\/\/www.brazilianpress.com\/v1\/wp-content\/uploads\/2021\/07\/Foto-6-nem-sempre-temos-grandes-oportunidades-150x150.jpg 150w, https:\/\/www.brazilianpress.com\/v1\/wp-content\/uploads\/2021\/07\/Foto-6-nem-sempre-temos-grandes-oportunidades-180x180.jpg 180w, https:\/\/www.brazilianpress.com\/v1\/wp-content\/uploads\/2021\/07\/Foto-6-nem-sempre-temos-grandes-oportunidades-400x400.jpg 400w\" sizes=\"(max-width: 450px) 100vw, 450px\" \/><br \/>\nNem sempre temos grandes oportunidades de ajudar ao pr\u00f3ximo. Mas as pequenas est\u00e3o a\u00ed todos os dias! Um momento de descontra\u00e7\u00e3o por\u00e9m cheio de boa a\u00e7\u00e3o. Que possamos estar sempre juntos pelos membros da nossa comunidade porque a uni\u00e3o tr\u00e1s a for\u00e7a.<\/em><\/strong><\/p>\n<p><strong><em><img loading=\"lazy\" class=\"alignnone size-full wp-image-48986\" src=\"https:\/\/www.brazilianpress.com\/v1\/wp-content\/uploads\/2021\/07\/Foto-7-Quick-word-from.jpg\" alt=\"\" width=\"540\" height=\"450\" srcset=\"https:\/\/www.brazilianpress.com\/v1\/wp-content\/uploads\/2021\/07\/Foto-7-Quick-word-from.jpg 540w, https:\/\/www.brazilianpress.com\/v1\/wp-content\/uploads\/2021\/07\/Foto-7-Quick-word-from-300x250.jpg 300w\" sizes=\"(max-width: 540px) 100vw, 540px\" \/><br \/>\nQuick word from #NJCUMBB and reigning New Jersey Athletic Conference coach of the year Marc Brown, who&#8217;s doing his part to keep #JerseyCitysTeam and the entire #NJCUFamily safe! #NJCUBestShot #WhyIGotVaxed #whyd3 #d3hoops New Jersey City University *Marc \u00e9 casado com a querida Marisa de Brown uma brasileira cheia de orgulho do marido que est\u00e1 na luta pela vacina\u00e7\u00e3o de todos. Que possamos todos nos unir pelo esporte e pela sa\u00fade de todos.<\/em><\/strong><\/p>\n<p><strong><em><img loading=\"lazy\" class=\"alignnone size-full wp-image-48978\" src=\"https:\/\/www.brazilianpress.com\/v1\/wp-content\/uploads\/2021\/07\/Foto-8-a-idade.jpg\" alt=\"\" width=\"514\" height=\"450\" srcset=\"https:\/\/www.brazilianpress.com\/v1\/wp-content\/uploads\/2021\/07\/Foto-8-a-idade.jpg 514w, https:\/\/www.brazilianpress.com\/v1\/wp-content\/uploads\/2021\/07\/Foto-8-a-idade-300x263.jpg 300w\" sizes=\"(max-width: 514px) 100vw, 514px\" \/><br \/>\nA idade \u00e9 apenas um n\u00famero! Os anos tem sido cada dia mais generosos para a querida Luz Divina Soares que completou recente 80 anos. Desejamos muita felicidade em cada amanhecer e que o sorriso seja sempre motivado por ter a sua volta os que te amam.<\/em><\/strong><\/p>\n","protected":false},"excerpt":{"rendered":"<p>O atual campe\u00e3o do UFC Charles Oliveira esteve nos visitando ontem, onde pode relembrar sua primeira luta nos EUA a onze anos e tamb\u00e9m das hist\u00f3rias da prepara\u00e7\u00e3o no Ironbound que deram in\u00edcio a sua trajet\u00f3ria na Am\u00e9rica . Ent\u00e3o olha s\u00f3 quem est\u00e1 completando e celebrando 2 meses de vida o pequeno Edgar Makimoto III e claro no colinho da vov\u00f3 mais que coruja Lilian Oliveira. Cada dia temos que celebrar a vida pq ela \u00e9 maravilhosa. E esta gera\u00e7\u00e3o que cresce em um piscar de olhos !!! Quem est\u00e1 feliz comemorando seus 16 anos \u00e9 esta garota linda [&hellip;]<\/p>\n","protected":false},"author":1,"featured_media":48979,"comment_status":"open","ping_status":"open","sticky":false,"template":"","format":"standard","meta":{"_links_to":"","_links_to_target":""},"categories":[3,1,6],"tags":[],"views":1248,"_links":{"self":[{"href":"https:\/\/www.brazilianpress.com\/v1\/wp-json\/wp\/v2\/posts\/48987"}],"collection":[{"href":"https:\/\/www.brazilianpress.com\/v1\/wp-json\/wp\/v2\/posts"}],"about":[{"href":"https:\/\/www.brazilianpress.com\/v1\/wp-json\/wp\/v2\/types\/post"}],"author":[{"embeddable":true,"href":"https:\/\/www.brazilianpress.com\/v1\/wp-json\/wp\/v2\/users\/1"}],"replies":[{"embeddable":true,"href":"https:\/\/www.brazilianpress.com\/v1\/wp-json\/wp\/v2\/comments?post=48987"}],"version-history":[{"count":1,"href":"https:\/\/www.brazilianpress.com\/v1\/wp-json\/wp\/v2\/posts\/48987\/revisions"}],"predecessor-version":[{"id":48988,"href":"https:\/\/www.brazilianpress.com\/v1\/wp-json\/wp\/v2\/posts\/48987\/revisions\/48988"}],"wp:featuredmedia":[{"embeddable":true,"href":"https:\/\/www.brazilianpress.com\/v1\/wp-json\/wp\/v2\/media\/48979"}],"wp:attachment":[{"href":"https:\/\/www.brazilianpress.com\/v1\/wp-json\/wp\/v2\/media?parent=48987"}],"wp:term":[{"taxonomy":"category","embeddable":true,"href":"https:\/\/www.brazilianpress.com\/v1\/wp-json\/wp\/v2\/categories?post=48987"},{"taxonomy":"post_tag","embeddable":true,"href":"https:\/\/www.brazilianpress.com\/v1\/wp-json\/wp\/v2\/tags?post=48987"}],"curies":[{"name":"wp","href":"https:\/\/api.w.org\/{rel}","templated":true}]}}