{"id":49279,"date":"2021-08-20T09:42:57","date_gmt":"2021-08-20T13:42:57","guid":{"rendered":"https:\/\/www.brazilianpress.com\/v1\/?p=49279"},"modified":"2021-08-21T08:58:23","modified_gmt":"2021-08-21T12:58:23","slug":"social-press-20-08-2021","status":"publish","type":"post","link":"https:\/\/www.brazilianpress.com\/v1\/2021\/08\/20\/social-press-20-08-2021\/","title":{"rendered":"Social Press . 20\/08\/2021"},"content":{"rendered":"<p><em><strong>Giselle Moraes a aniversariante do m\u00eas comemorando seu niver com amigos e familiares. Na foto Giselle ao lado da mana Andrea Moraes. Happy Birthday!<\/strong><\/em><\/p>\n<p><em><strong><img loading=\"lazy\" class=\"alignnone size-full wp-image-49270\" src=\"https:\/\/www.brazilianpress.com\/v1\/wp-content\/uploads\/2021\/08\/Foto-2-Nosso-querido-amigo-Renier-.jpg\" alt=\"\" width=\"700\" height=\"445\" srcset=\"https:\/\/www.brazilianpress.com\/v1\/wp-content\/uploads\/2021\/08\/Foto-2-Nosso-querido-amigo-Renier-.jpg 700w, https:\/\/www.brazilianpress.com\/v1\/wp-content\/uploads\/2021\/08\/Foto-2-Nosso-querido-amigo-Renier--300x191.jpg 300w\" sizes=\"(max-width: 700px) 100vw, 700px\" \/><br \/>\nNosso querido amigo Renier Gondijo gosta muito de passear e conhecer novos lugares, temos mesmo que aproveitar visto que nosso ver\u00e3o \u00e9 muito curto para conhecer tantos lugares lindos.<\/strong><\/em><\/p>\n<p><em><strong><img loading=\"lazy\" class=\"alignnone size-full wp-image-49271\" src=\"https:\/\/www.brazilianpress.com\/v1\/wp-content\/uploads\/2021\/08\/Foto-3-Andressa-Leite.jpg\" alt=\"\" width=\"700\" height=\"428\" srcset=\"https:\/\/www.brazilianpress.com\/v1\/wp-content\/uploads\/2021\/08\/Foto-3-Andressa-Leite.jpg 700w, https:\/\/www.brazilianpress.com\/v1\/wp-content\/uploads\/2021\/08\/Foto-3-Andressa-Leite-300x183.jpg 300w\" sizes=\"(max-width: 700px) 100vw, 700px\" \/><br \/>\nAndressa Leite aproveitando todo tempo dispon\u00edvel com a filhota Nat\u00e1lia. O tempo voa e o que de mais rico podemos deixar no cora\u00e7\u00e3o dos nossos filhos \u00e9 o amor.<\/strong><\/em><\/p>\n<p><em><strong><img loading=\"lazy\" class=\"alignnone size-full wp-image-49272\" src=\"https:\/\/www.brazilianpress.com\/v1\/wp-content\/uploads\/2021\/08\/Foto-4-Finalmente-um-dos-sonhos.jpg\" alt=\"\" width=\"700\" height=\"428\" srcset=\"https:\/\/www.brazilianpress.com\/v1\/wp-content\/uploads\/2021\/08\/Foto-4-Finalmente-um-dos-sonhos.jpg 700w, https:\/\/www.brazilianpress.com\/v1\/wp-content\/uploads\/2021\/08\/Foto-4-Finalmente-um-dos-sonhos-300x183.jpg 300w\" sizes=\"(max-width: 700px) 100vw, 700px\" \/><br \/>\nFinalmente um dos sonhos do nosso amigo Marcelo est\u00e1 se tornando realidade,\u00a0 destino Brazil BR. Foram 18 anos de espera e muita luta,\u00a0 agora ele celebra este momento com o marido Matt McQuillen. Aproveitem muito nosso querido Brazil.<\/strong><\/em><\/p>\n<p><em><strong><img loading=\"lazy\" class=\"alignnone size-full wp-image-49273\" src=\"https:\/\/www.brazilianpress.com\/v1\/wp-content\/uploads\/2021\/08\/Foto-5-Esta-familia-e-unida.jpg\" alt=\"\" width=\"645\" height=\"450\" srcset=\"https:\/\/www.brazilianpress.com\/v1\/wp-content\/uploads\/2021\/08\/Foto-5-Esta-familia-e-unida.jpg 645w, https:\/\/www.brazilianpress.com\/v1\/wp-content\/uploads\/2021\/08\/Foto-5-Esta-familia-e-unida-300x209.jpg 300w\" sizes=\"(max-width: 645px) 100vw, 645px\" \/><br \/>\nEsta fam\u00edlia \u00e9 unida e nutrida de muita simpatia,\u00a0 Claudia Quinalia aproveitando suas f\u00e9rias na melhor companhia.<\/strong><\/em><\/p>\n<p><em><strong><img loading=\"lazy\" class=\"alignnone size-full wp-image-49274\" src=\"https:\/\/www.brazilianpress.com\/v1\/wp-content\/uploads\/2021\/08\/Foto-6-temos-casamento-em-breve.jpg\" alt=\"\" width=\"700\" height=\"407\" srcset=\"https:\/\/www.brazilianpress.com\/v1\/wp-content\/uploads\/2021\/08\/Foto-6-temos-casamento-em-breve.jpg 700w, https:\/\/www.brazilianpress.com\/v1\/wp-content\/uploads\/2021\/08\/Foto-6-temos-casamento-em-breve-300x174.jpg 300w\" sizes=\"(max-width: 700px) 100vw, 700px\" \/><br \/>\nTemos casamento em breve Ivana e Rafael ir\u00e3o se unir em setembro em uma cerim\u00f4nia reservada com amigos e familiares. Desejamos felicidades ao casal.<\/strong><\/em><\/p>\n<p><em><strong><img loading=\"lazy\" class=\"alignnone size-full wp-image-49275\" src=\"https:\/\/www.brazilianpress.com\/v1\/wp-content\/uploads\/2021\/08\/Foto-7-Marconi-Maia.jpg\" alt=\"\" width=\"700\" height=\"445\" srcset=\"https:\/\/www.brazilianpress.com\/v1\/wp-content\/uploads\/2021\/08\/Foto-7-Marconi-Maia.jpg 700w, https:\/\/www.brazilianpress.com\/v1\/wp-content\/uploads\/2021\/08\/Foto-7-Marconi-Maia-300x191.jpg 300w\" sizes=\"(max-width: 700px) 100vw, 700px\" \/><br \/>\nUm Abra\u00e7o ao casal amigo Marconi Maya e Mariana, sempre presente nos eventos comunit\u00e1rios<\/strong><\/em><\/p>\n<p><em><strong><img loading=\"lazy\" class=\"alignnone size-full wp-image-49276\" src=\"https:\/\/www.brazilianpress.com\/v1\/wp-content\/uploads\/2021\/08\/Foto-8-Nubia-Alves.jpg\" alt=\"\" width=\"637\" height=\"450\" srcset=\"https:\/\/www.brazilianpress.com\/v1\/wp-content\/uploads\/2021\/08\/Foto-8-Nubia-Alves.jpg 637w, https:\/\/www.brazilianpress.com\/v1\/wp-content\/uploads\/2021\/08\/Foto-8-Nubia-Alves-300x212.jpg 300w\" sizes=\"(max-width: 637px) 100vw, 637px\" \/><br \/>\nUm forte abra\u00e7o a esta bela amiga Nubia Alves,\u00a0 como sempre de bem com a vida e presente na comunidade. Abra\u00e7os!!<\/strong><\/em><\/p>\n<p><em><strong><img loading=\"lazy\" class=\"alignnone size-full wp-image-49277\" src=\"https:\/\/www.brazilianpress.com\/v1\/wp-content\/uploads\/2021\/08\/Foto-9-Juliana-Araujo.jpg\" alt=\"\" width=\"700\" height=\"427\" srcset=\"https:\/\/www.brazilianpress.com\/v1\/wp-content\/uploads\/2021\/08\/Foto-9-Juliana-Araujo.jpg 700w, https:\/\/www.brazilianpress.com\/v1\/wp-content\/uploads\/2021\/08\/Foto-9-Juliana-Araujo-300x183.jpg 300w\" sizes=\"(max-width: 700px) 100vw, 700px\" \/><br \/>\nJuliana Araujo com os filhos Maiyah Angel e Jo\u00e3o Luz, na grande inaugura\u00e7\u00e3o do Angel\u2019s Wellness Beauty Care em East Hampton,\u00a0 10 Main St, NY<\/strong><\/em><\/p>\n<p><em><strong><img loading=\"lazy\" class=\"alignnone size-full wp-image-49278\" src=\"https:\/\/www.brazilianpress.com\/v1\/wp-content\/uploads\/2021\/08\/Foto-10-vanessa-Albuquerque.jpg\" alt=\"\" width=\"673\" height=\"450\" srcset=\"https:\/\/www.brazilianpress.com\/v1\/wp-content\/uploads\/2021\/08\/Foto-10-vanessa-Albuquerque.jpg 673w, https:\/\/www.brazilianpress.com\/v1\/wp-content\/uploads\/2021\/08\/Foto-10-vanessa-Albuquerque-300x201.jpg 300w\" sizes=\"(max-width: 673px) 100vw, 673px\" \/><br \/>\nVanessa Albuquerque e Rafael Moreira todos sorridentes com o beb\u00ea a caminho, Vanessa j\u00e1 est\u00e1 com 6\u00a0 meses e feliz da vida.\u00a0 Felicidades!<\/strong><\/em><\/p>\n<p><img loading=\"lazy\" class=\"alignnone size-full wp-image-49268\" src=\"https:\/\/www.brazilianpress.com\/v1\/wp-content\/uploads\/2021\/08\/Foto-11-Criatividade.jpg\" alt=\"\" width=\"700\" height=\"424\" srcset=\"https:\/\/www.brazilianpress.com\/v1\/wp-content\/uploads\/2021\/08\/Foto-11-Criatividade.jpg 700w, https:\/\/www.brazilianpress.com\/v1\/wp-content\/uploads\/2021\/08\/Foto-11-Criatividade-300x182.jpg 300w\" sizes=\"(max-width: 700px) 100vw, 700px\" \/><br \/>\n<em><strong>CRIATIVIDADE: Gostaria de parabenizar o Restaurante Taste of Brazil, localizado na Merchant ST em Newark. Fui almo\u00e7ar l\u00e1 e, ao ir no banheiro lavar as m\u00e3os, vi uma parede cheia de folhas de jornais locais, porem em destaque nossa capa e nossos anunciantes. Gostei!<\/strong><\/em><\/p>\n","protected":false},"excerpt":{"rendered":"<p>Giselle Moraes a aniversariante do m\u00eas comemorando seu niver com amigos e familiares. Na foto Giselle ao lado da mana Andrea Moraes. Happy Birthday! Nosso querido amigo Renier Gondijo gosta muito de passear e conhecer novos lugares, temos mesmo que aproveitar visto que nosso ver\u00e3o \u00e9 muito curto para conhecer tantos lugares lindos. Andressa Leite aproveitando todo tempo dispon\u00edvel com a filhota Nat\u00e1lia. O tempo voa e o que de mais rico podemos deixar no cora\u00e7\u00e3o dos nossos filhos \u00e9 o amor. Finalmente um dos sonhos do nosso amigo Marcelo est\u00e1 se tornando realidade,\u00a0 destino Brazil BR. Foram 18 anos [&hellip;]<\/p>\n","protected":false},"author":1,"featured_media":49269,"comment_status":"open","ping_status":"open","sticky":false,"template":"","format":"standard","meta":{"_links_to":"","_links_to_target":""},"categories":[3,1,6],"tags":[],"views":1569,"_links":{"self":[{"href":"https:\/\/www.brazilianpress.com\/v1\/wp-json\/wp\/v2\/posts\/49279"}],"collection":[{"href":"https:\/\/www.brazilianpress.com\/v1\/wp-json\/wp\/v2\/posts"}],"about":[{"href":"https:\/\/www.brazilianpress.com\/v1\/wp-json\/wp\/v2\/types\/post"}],"author":[{"embeddable":true,"href":"https:\/\/www.brazilianpress.com\/v1\/wp-json\/wp\/v2\/users\/1"}],"replies":[{"embeddable":true,"href":"https:\/\/www.brazilianpress.com\/v1\/wp-json\/wp\/v2\/comments?post=49279"}],"version-history":[{"count":3,"href":"https:\/\/www.brazilianpress.com\/v1\/wp-json\/wp\/v2\/posts\/49279\/revisions"}],"predecessor-version":[{"id":49311,"href":"https:\/\/www.brazilianpress.com\/v1\/wp-json\/wp\/v2\/posts\/49279\/revisions\/49311"}],"wp:featuredmedia":[{"embeddable":true,"href":"https:\/\/www.brazilianpress.com\/v1\/wp-json\/wp\/v2\/media\/49269"}],"wp:attachment":[{"href":"https:\/\/www.brazilianpress.com\/v1\/wp-json\/wp\/v2\/media?parent=49279"}],"wp:term":[{"taxonomy":"category","embeddable":true,"href":"https:\/\/www.brazilianpress.com\/v1\/wp-json\/wp\/v2\/categories?post=49279"},{"taxonomy":"post_tag","embeddable":true,"href":"https:\/\/www.brazilianpress.com\/v1\/wp-json\/wp\/v2\/tags?post=49279"}],"curies":[{"name":"wp","href":"https:\/\/api.w.org\/{rel}","templated":true}]}}