{"id":49297,"date":"2021-08-20T12:56:33","date_gmt":"2021-08-20T16:56:33","guid":{"rendered":"https:\/\/www.brazilianpress.com\/v1\/?p=49297"},"modified":"2021-08-20T12:56:33","modified_gmt":"2021-08-20T16:56:33","slug":"varias-pessoas-sao-mortas-no-afeganistao-em-protestos-contra-taliba","status":"publish","type":"post","link":"https:\/\/www.brazilianpress.com\/v1\/2021\/08\/20\/varias-pessoas-sao-mortas-no-afeganistao-em-protestos-contra-taliba\/","title":{"rendered":"V\u00e1rias pessoas s\u00e3o mortas no Afeganist\u00e3o em protestos contra Talib\u00e3"},"content":{"rendered":"<p><strong>Manifestantes carregando\u00a0bandeiras foram a v\u00e1rias cidades afeg\u00e3s ontem (quinta-feira 19). V\u00e1rias pessoas foram mortas quando combatentes do Talib\u00e3 dispararam contra uma multid\u00e3o, disse uma testemunha. Este foi\u00a0o primeiro ato de oposi\u00e7\u00e3o popular aos militantes desde que eles\u00a0tomaram a capital Cabul.<\/strong><\/p>\n<p>&#8220;Nossa bandeira, nossa identidade&#8221;, gritava uma multid\u00e3o de homens e algumas mulheres, acenando com bandeiras nacionais pretas, vermelhas e verdes em Cabul,\u00a0mostrou um v\u00eddeo divulgado nas\u00a0redes sociais.<\/p>\n<p>Uma mulher caminhava com uma bandeira sobre os ombros. O Afeganist\u00e3o comemora a independ\u00eancia do controle brit\u00e2nico, conquistada em 1919, no dia 19 de agosto.<\/p>\n<p>Um porta-voz do Talib\u00e3\u00a0n\u00e3o estava dispon\u00edvel de imediato para comentar.<\/p>\n<p>Em Asadabad, capital da prov\u00edncia de Kunar, v\u00e1rias pessoas foram mortas durante uma manifesta\u00e7\u00e3o, mas n\u00e3o ficou claro se as baixas resultaram de disparos ou da debandada causada pelos tiros, disse a testemunha Mohammed Salim.<\/p>\n<p>&#8220;Centenas de pessoas sa\u00edram \u00e0s ruas&#8221;, contou Salim. &#8220;De in\u00edcio, fiquei assustado e n\u00e3o queria ir, mas quando vi que um dos meus vizinhos participava, tirei a bandeira que tenho em casa.&#8221;<\/p>\n<p>&#8220;V\u00e1rias pessoas foram mortas e feridas na dispers\u00e3o e pelos disparos do Talib\u00e3&#8221;, disse ele.<\/p>\n<p>Manifestantes tamb\u00e9m foram \u00e0s ruas de Jalalabad, cidade do leste afeg\u00e3o e um distrito da prov\u00edncia de Paktia.<\/p>\n<p>Nessa quarta-feira (18), combatentes do Talib\u00e3\u00a0atiraram em manifestantes que acenavam com uma bandeira em Jalalabad e mataram tr\u00eas, relataram testemunhas e a m\u00eddia.<\/p>\n<p>Em alguns lugares, manifestantes arrancaram bandeiras brancas do Talib\u00e3, de acordo com a m\u00eddia, que tamb\u00e9m citou\u00a0cenas semelhantes em Asadabad e Khost, outra cidade do leste, ainda na quarta-feira.<\/p>\n<p>O primeiro vice-presidente Amrullah Saleh, que est\u00e1 tentando congregar a oposi\u00e7\u00e3o ao Talib\u00e3, expressou apoio aos protestos.<\/p>\n<p>&#8220;Sa\u00fadem aqueles que carregam a bandeira nacional e assim defendem a dignidade de nossa na\u00e7\u00e3o&#8221;, disse ele no Twitter.<\/p>\n<p>Na ter\u00e7a-feira, Saleh afirmou\u00a0que est\u00e1 no Afeganist\u00e3o e que \u00e9 o &#8220;presidente interino leg\u00edtimo&#8221;, j\u00e1 que o presidente Ashraf Ghani fugiu quando o Talib\u00e3\u00a0tomou Cabul no domingo (15).<\/p>\n<p>A repress\u00e3o aos protestos cria\u00a0novas d\u00favidas sobre as garantias do Talib\u00e3\u00a0de que mudou\u00a0desde que governou o pa\u00eds entre 1996 e 2001, quando reprimia severamente as mulheres, realizava execu\u00e7\u00f5es p\u00fablicas e explodia\u00a0est\u00e1tuas budistas antigas.<\/p>\n<p>Agora o Talib\u00e3\u00a0diz que quer paz, que n\u00e3o se vingar\u00e1 de antigos inimigos e que respeitar\u00e1 os direitos das mulheres nos moldes da lei isl\u00e2mica. (ABr)<\/p>\n","protected":false},"excerpt":{"rendered":"<p>Manifestantes carregando\u00a0bandeiras foram a v\u00e1rias cidades afeg\u00e3s ontem (quinta-feira 19). V\u00e1rias pessoas foram mortas quando combatentes do Talib\u00e3 dispararam contra uma multid\u00e3o, disse uma testemunha. Este foi\u00a0o primeiro ato de oposi\u00e7\u00e3o popular aos militantes desde que eles\u00a0tomaram a capital Cabul. &#8220;Nossa bandeira, nossa identidade&#8221;, gritava uma multid\u00e3o de homens e algumas mulheres, acenando com bandeiras nacionais pretas, vermelhas e verdes em Cabul,\u00a0mostrou um v\u00eddeo divulgado nas\u00a0redes sociais. Uma mulher caminhava com uma bandeira sobre os ombros. O Afeganist\u00e3o comemora a independ\u00eancia do controle brit\u00e2nico, conquistada em 1919, no dia 19 de agosto. Um porta-voz do Talib\u00e3\u00a0n\u00e3o estava dispon\u00edvel de imediato [&hellip;]<\/p>\n","protected":false},"author":1,"featured_media":49298,"comment_status":"open","ping_status":"open","sticky":false,"template":"","format":"standard","meta":{"_links_to":"","_links_to_target":""},"categories":[3,8,1],"tags":[],"views":991,"_links":{"self":[{"href":"https:\/\/www.brazilianpress.com\/v1\/wp-json\/wp\/v2\/posts\/49297"}],"collection":[{"href":"https:\/\/www.brazilianpress.com\/v1\/wp-json\/wp\/v2\/posts"}],"about":[{"href":"https:\/\/www.brazilianpress.com\/v1\/wp-json\/wp\/v2\/types\/post"}],"author":[{"embeddable":true,"href":"https:\/\/www.brazilianpress.com\/v1\/wp-json\/wp\/v2\/users\/1"}],"replies":[{"embeddable":true,"href":"https:\/\/www.brazilianpress.com\/v1\/wp-json\/wp\/v2\/comments?post=49297"}],"version-history":[{"count":1,"href":"https:\/\/www.brazilianpress.com\/v1\/wp-json\/wp\/v2\/posts\/49297\/revisions"}],"predecessor-version":[{"id":49299,"href":"https:\/\/www.brazilianpress.com\/v1\/wp-json\/wp\/v2\/posts\/49297\/revisions\/49299"}],"wp:featuredmedia":[{"embeddable":true,"href":"https:\/\/www.brazilianpress.com\/v1\/wp-json\/wp\/v2\/media\/49298"}],"wp:attachment":[{"href":"https:\/\/www.brazilianpress.com\/v1\/wp-json\/wp\/v2\/media?parent=49297"}],"wp:term":[{"taxonomy":"category","embeddable":true,"href":"https:\/\/www.brazilianpress.com\/v1\/wp-json\/wp\/v2\/categories?post=49297"},{"taxonomy":"post_tag","embeddable":true,"href":"https:\/\/www.brazilianpress.com\/v1\/wp-json\/wp\/v2\/tags?post=49297"}],"curies":[{"name":"wp","href":"https:\/\/api.w.org\/{rel}","templated":true}]}}