{"id":49307,"date":"2021-08-20T13:03:29","date_gmt":"2021-08-20T17:03:29","guid":{"rendered":"https:\/\/www.brazilianpress.com\/v1\/?p=49307"},"modified":"2021-08-20T13:03:29","modified_gmt":"2021-08-20T17:03:29","slug":"eua-policia-cerca-homem-com-possiveis-explosivos-perto-do-capitolio","status":"publish","type":"post","link":"https:\/\/www.brazilianpress.com\/v1\/2021\/08\/20\/eua-policia-cerca-homem-com-possiveis-explosivos-perto-do-capitolio\/","title":{"rendered":"EUA: Pol\u00edcia cerca homem com poss\u00edveis explosivos perto do Capit\u00f3lio"},"content":{"rendered":"<p><strong>Agentes da lei cercaram um homem com poss\u00edveis explosivos sentado em um ve\u00edculo perto do Capit\u00f3lio dos Estados Unidos ontem (quinta-feira 19), enquanto edif\u00edcios pr\u00f3ximos eram esvaziados e ve\u00edculos de emerg\u00eancia corriam ao local. &#8220;Esta \u00e9 uma investiga\u00e7\u00e3o de amea\u00e7a de bomba ativa&#8221;, informou a pol\u00edcia do Capit\u00f3lio (USCP) no Twitter.<\/strong><\/p>\n<p>O homem estava em um ve\u00edculo diante da Biblioteca do Congresso, que em frente o Capit\u00f3lio, disse uma fonte das for\u00e7as da lei. Segundo esta fonte, a presen\u00e7a de explosivos n\u00e3o havia sido confirmada.<\/p>\n<p>Entretanto, no Congresso, pessoas foram notificadas de que o ocupante do ve\u00edculo disse que tinha uma bomba e que as autoridades estavam delineando suas rea\u00e7\u00f5es com a amea\u00e7a em mente, disse um funcion\u00e1rio \u00e0 Reuters.<\/p>\n<p>V\u00e1rios pr\u00e9dios pr\u00f3ximos foram esvaziados, inclusive a Suprema Corte. Pessoas do pr\u00e9dio de escrit\u00f3rios de Madison foram instru\u00eddas a se proteger no pr\u00f3prio local de trabalho. Uma esta\u00e7\u00e3o de metr\u00f4 pr\u00f3xima foi fechada.<\/p>\n<p>A pol\u00edcia interditou ruas que cercam o complexo do Capit\u00f3lio enquanto caminh\u00f5es dos bombeiros e de resgate seguiam para a \u00e1rea. O Escrit\u00f3rio de \u00c1lcool, Tabaco, Armas de Fogo e Explosivos disse estar enviando um t\u00e9cnico de bombas para auxiliar a pol\u00edcia, e o FBI, a ag\u00eancia federal de investiga\u00e7\u00e3o dos Estados Unidos, tamb\u00e9m foi acionado.<\/p>\n<p>A \u00e1rea normalmente movimentada da Colina do Capit\u00f3lio estava relativamente deserta, e a C\u00e2mara dos Deputados e o Senado n\u00e3o estavam em sess\u00e3o.<\/p>\n<p>&#8220;A USCP est\u00e1 reagindo a um ve\u00edculo suspeito perto da Biblioteca do Congresso&#8221;, disse a corpora\u00e7\u00e3o no Twitter. &#8220;Mantenham dist\u00e2ncia desta \u00e1rea.&#8221; (ABr)<\/p>\n<p>&nbsp;<\/p>\n","protected":false},"excerpt":{"rendered":"<p>Agentes da lei cercaram um homem com poss\u00edveis explosivos sentado em um ve\u00edculo perto do Capit\u00f3lio dos Estados Unidos ontem (quinta-feira 19), enquanto edif\u00edcios pr\u00f3ximos eram esvaziados e ve\u00edculos de emerg\u00eancia corriam ao local. &#8220;Esta \u00e9 uma investiga\u00e7\u00e3o de amea\u00e7a de bomba ativa&#8221;, informou a pol\u00edcia do Capit\u00f3lio (USCP) no Twitter. O homem estava em um ve\u00edculo diante da Biblioteca do Congresso, que em frente o Capit\u00f3lio, disse uma fonte das for\u00e7as da lei. Segundo esta fonte, a presen\u00e7a de explosivos n\u00e3o havia sido confirmada. Entretanto, no Congresso, pessoas foram notificadas de que o ocupante do ve\u00edculo disse que tinha [&hellip;]<\/p>\n","protected":false},"author":1,"featured_media":49308,"comment_status":"open","ping_status":"open","sticky":false,"template":"","format":"standard","meta":{"_links_to":"","_links_to_target":""},"categories":[3,1,10],"tags":[],"views":1012,"_links":{"self":[{"href":"https:\/\/www.brazilianpress.com\/v1\/wp-json\/wp\/v2\/posts\/49307"}],"collection":[{"href":"https:\/\/www.brazilianpress.com\/v1\/wp-json\/wp\/v2\/posts"}],"about":[{"href":"https:\/\/www.brazilianpress.com\/v1\/wp-json\/wp\/v2\/types\/post"}],"author":[{"embeddable":true,"href":"https:\/\/www.brazilianpress.com\/v1\/wp-json\/wp\/v2\/users\/1"}],"replies":[{"embeddable":true,"href":"https:\/\/www.brazilianpress.com\/v1\/wp-json\/wp\/v2\/comments?post=49307"}],"version-history":[{"count":1,"href":"https:\/\/www.brazilianpress.com\/v1\/wp-json\/wp\/v2\/posts\/49307\/revisions"}],"predecessor-version":[{"id":49309,"href":"https:\/\/www.brazilianpress.com\/v1\/wp-json\/wp\/v2\/posts\/49307\/revisions\/49309"}],"wp:featuredmedia":[{"embeddable":true,"href":"https:\/\/www.brazilianpress.com\/v1\/wp-json\/wp\/v2\/media\/49308"}],"wp:attachment":[{"href":"https:\/\/www.brazilianpress.com\/v1\/wp-json\/wp\/v2\/media?parent=49307"}],"wp:term":[{"taxonomy":"category","embeddable":true,"href":"https:\/\/www.brazilianpress.com\/v1\/wp-json\/wp\/v2\/categories?post=49307"},{"taxonomy":"post_tag","embeddable":true,"href":"https:\/\/www.brazilianpress.com\/v1\/wp-json\/wp\/v2\/tags?post=49307"}],"curies":[{"name":"wp","href":"https:\/\/api.w.org\/{rel}","templated":true}]}}