{"id":49318,"date":"2021-08-21T09:03:50","date_gmt":"2021-08-21T13:03:50","guid":{"rendered":"https:\/\/www.brazilianpress.com\/v1\/?p=49318"},"modified":"2021-08-21T09:03:50","modified_gmt":"2021-08-21T13:03:50","slug":"viajantes-de-alguns-paises-deverao-apresentar-teste-negativo-para-covid-19-e-quarentena-para-entrar-no-brasil","status":"publish","type":"post","link":"https:\/\/www.brazilianpress.com\/v1\/2021\/08\/21\/viajantes-de-alguns-paises-deverao-apresentar-teste-negativo-para-covid-19-e-quarentena-para-entrar-no-brasil\/","title":{"rendered":"Viajantes de alguns pa\u00edses dever\u00e3o apresentar teste negativo para covid-19 e quarentena para entrar no Brasil"},"content":{"rendered":"<p><strong>Passar\u00e1 a valer em todo o territ\u00f3rio brasileiro a determina\u00e7\u00e3o do governo brasileiro, seguindo recomenda\u00e7\u00f5es da Anvisa (Ag\u00eancia Nacional de Vigil\u00e2ncia Sanit\u00e1ria), de que viajantes com origem no Reino Unido (Inglaterra, Pa\u00eds de Gales, Esc\u00f3cia e Irlanda do Norte), \u00c1frica do Sul e \u00cdndia passem por quarentena obrigat\u00f3ria de 14 dias ao desembarcarem no Brasil.<\/strong><\/p>\n<p>A medida tamb\u00e9m obriga que todos os passageiros, vacinados e n\u00e3o-vacinados com idade acima de dois anos de idade, apresentem um teste do tipo PCR com resultado negativo para a Covid-19, que precisa ter sido feito nas \u00faltimas 72 horas antes do voo, para que tenham entrada no pa\u00eds permitida.<\/p>\n<p>A Latam foi a primeira companhia a\u00e9rea a publicar post alertando seus clientes sobre a nova norma. A medida havia sido publicada em Di\u00e1rio Oficial em 23 de junho, mas foi apenas na \u00faltima semana que uma a\u00e7\u00e3o do Minist\u00e9rio P\u00fablico Federal acatada pela Justi\u00e7a Federal de Guarulhos obrigou a ANVISA a fornecer \u00e0s companhias a\u00e9reas que operam no Aeroporto Internacional de S\u00e3o Paulo a lista dos pa\u00edses de origem afetados.<\/p>\n<p>A medida vale para turistas estrangeiros que tenham passado por qualquer um desses territ\u00f3rios nos \u00faltimos 14 dias, e prev\u00ea exce\u00e7\u00f5es. Confira a lista de pessoas que n\u00e3o precisam cumprir a quarentena obrigat\u00f3ria na chegada ao Brasil:<\/p>\n<ul>\n<li>cidad\u00e3os brasileiros, nascidos ou naturalizados<\/li>\n<li>imigrantes com resid\u00eancia permanente por per\u00edodo determinado ou indefinido<\/li>\n<li>estrangeiros que sejam c\u00f4njuges, parceiros, filhos, pais ou respons\u00e1veis por um brasileiro<\/li>\n<li>pessoas que obtiveram entrada autorizada pelo Governo Federal por raz\u00f5es de interesse p\u00fablico ou humanit\u00e1rio<\/li>\n<li>portador do Registro Nacional de Migra\u00e7\u00f5es<\/li>\n<li>profissional estrangeiro em servi\u00e7o de organiza\u00e7\u00e3o internacional e funcion\u00e1rio estrangeiro para o governo brasileiro<\/li>\n<\/ul>\n<p>Caso a pessoa j\u00e1 tenha tido a Covid-19 em at\u00e9 90 dias antes da viagem, ela deve apresentar dois PCRs anteriores com intervalo m\u00ednimo de 14 dias entre eles, atestando a infec\u00e7\u00e3o pelo SARS-CoV-2 no per\u00edodo, e um terceiro resultado negativo com at\u00e9 72 horas anteriores ao voo, al\u00e9m de atestado m\u00e9dico que prove que o passageiro n\u00e3o tem mais sintomas da doen\u00e7a.<\/p>\n","protected":false},"excerpt":{"rendered":"<p>Passar\u00e1 a valer em todo o territ\u00f3rio brasileiro a determina\u00e7\u00e3o do governo brasileiro, seguindo recomenda\u00e7\u00f5es da Anvisa (Ag\u00eancia Nacional de Vigil\u00e2ncia Sanit\u00e1ria), de que viajantes com origem no Reino Unido (Inglaterra, Pa\u00eds de Gales, Esc\u00f3cia e Irlanda do Norte), \u00c1frica do Sul e \u00cdndia passem por quarentena obrigat\u00f3ria de 14 dias ao desembarcarem no Brasil. A medida tamb\u00e9m obriga que todos os passageiros, vacinados e n\u00e3o-vacinados com idade acima de dois anos de idade, apresentem um teste do tipo PCR com resultado negativo para a Covid-19, que precisa ter sido feito nas \u00faltimas 72 horas antes do voo, para que [&hellip;]<\/p>\n","protected":false},"author":1,"featured_media":49319,"comment_status":"open","ping_status":"open","sticky":false,"template":"","format":"standard","meta":{"_links_to":"","_links_to_target":""},"categories":[8,1],"tags":[],"views":1005,"_links":{"self":[{"href":"https:\/\/www.brazilianpress.com\/v1\/wp-json\/wp\/v2\/posts\/49318"}],"collection":[{"href":"https:\/\/www.brazilianpress.com\/v1\/wp-json\/wp\/v2\/posts"}],"about":[{"href":"https:\/\/www.brazilianpress.com\/v1\/wp-json\/wp\/v2\/types\/post"}],"author":[{"embeddable":true,"href":"https:\/\/www.brazilianpress.com\/v1\/wp-json\/wp\/v2\/users\/1"}],"replies":[{"embeddable":true,"href":"https:\/\/www.brazilianpress.com\/v1\/wp-json\/wp\/v2\/comments?post=49318"}],"version-history":[{"count":1,"href":"https:\/\/www.brazilianpress.com\/v1\/wp-json\/wp\/v2\/posts\/49318\/revisions"}],"predecessor-version":[{"id":49320,"href":"https:\/\/www.brazilianpress.com\/v1\/wp-json\/wp\/v2\/posts\/49318\/revisions\/49320"}],"wp:featuredmedia":[{"embeddable":true,"href":"https:\/\/www.brazilianpress.com\/v1\/wp-json\/wp\/v2\/media\/49319"}],"wp:attachment":[{"href":"https:\/\/www.brazilianpress.com\/v1\/wp-json\/wp\/v2\/media?parent=49318"}],"wp:term":[{"taxonomy":"category","embeddable":true,"href":"https:\/\/www.brazilianpress.com\/v1\/wp-json\/wp\/v2\/categories?post=49318"},{"taxonomy":"post_tag","embeddable":true,"href":"https:\/\/www.brazilianpress.com\/v1\/wp-json\/wp\/v2\/tags?post=49318"}],"curies":[{"name":"wp","href":"https:\/\/api.w.org\/{rel}","templated":true}]}}