{"id":49321,"date":"2021-08-21T09:06:45","date_gmt":"2021-08-21T13:06:45","guid":{"rendered":"https:\/\/www.brazilianpress.com\/v1\/?p=49321"},"modified":"2021-08-21T09:06:45","modified_gmt":"2021-08-21T13:06:45","slug":"brasileiros-ja-podem-sonhar-com-viagens-ao-exterior-apos-avanco-da-vacinacao-contra-covid-19","status":"publish","type":"post","link":"https:\/\/www.brazilianpress.com\/v1\/2021\/08\/21\/brasileiros-ja-podem-sonhar-com-viagens-ao-exterior-apos-avanco-da-vacinacao-contra-covid-19\/","title":{"rendered":"Brasileiros j\u00e1 podem sonhar com viagens ao exterior ap\u00f3s avan\u00e7o da vacina\u00e7\u00e3o contra covid-19"},"content":{"rendered":"<p><strong>Com a reabertura gradativa de diversos pa\u00edses e o avan\u00e7o da vacina\u00e7\u00e3o contra covid-19\u00a0no Brasil, j\u00e1 \u00e9 poss\u00edvel identificar um aumento na movimenta\u00e7\u00e3o das ag\u00eancias de viagens, tanto para remarca\u00e7\u00f5es quanto cota\u00e7\u00f5es e reservas com embarque ainda este ano, com especial concentra\u00e7\u00e3o no terceiro trimestre.<\/strong><\/p>\n<p>O crescimento vem sendo verificado desde mar\u00e7o, com movimento em eleva\u00e7\u00e3o de at\u00e9 28% na procura por viagens com embarque entre os meses de setembro e dezembro, segundo a Associa\u00e7\u00e3o Brasileira de Ag\u00eancias de Viagens\u00a0(ABAV).<\/p>\n<p>Os brasileiros t\u00eam buscado destinos com menos restri\u00e7\u00f5es ou que se mantiveram abertos, caso de Dubai, M\u00e9xico e Maldivas, por exemplo. As ag\u00eancias projetam boa demanda tamb\u00e9m para pa\u00edses da Europa rec\u00e9m-abertos, como a Su\u00ed\u00e7a e a Fran\u00e7a, e h\u00e1 grande expectativa pela libera\u00e7\u00e3o das viagens aos Estados Unidos e Canad\u00e1, este \u00faltimo a partir de setembro, como j\u00e1 anunciado.<\/p>\n<p>As medidas restritivas ao ingresso de estrangeiros adotadas pela pandemia s\u00e3o prerrogativas soberanas de cada governo e mudam constantemente, conforme se atualizam as avalia\u00e7\u00f5es sobre as condi\u00e7\u00f5es sanit\u00e1rias.<\/p>\n<p>Por esse motivo \u00e9 imprescind\u00edvel que as ag\u00eancias de viagens se mantenham atualizadas, buscando sempre as informa\u00e7\u00f5es junto a fontes oficiais do governo de cada destino ou no\u00a0site\u00a0do Minist\u00e9rios das Rela\u00e7\u00f5es Exteriores.<\/p>\n<p>Para informa\u00e7\u00f5es atualizadas sobre casos espec\u00edficos, tamb\u00e9m deve ser consultada no site da IATA\u00a0(Associa\u00e7\u00e3o Internacional de Transporte A\u00e9reo, na sigla inglesa).<\/p>\n<p>&nbsp;<\/p>\n","protected":false},"excerpt":{"rendered":"<p>Com a reabertura gradativa de diversos pa\u00edses e o avan\u00e7o da vacina\u00e7\u00e3o contra covid-19\u00a0no Brasil, j\u00e1 \u00e9 poss\u00edvel identificar um aumento na movimenta\u00e7\u00e3o das ag\u00eancias de viagens, tanto para remarca\u00e7\u00f5es quanto cota\u00e7\u00f5es e reservas com embarque ainda este ano, com especial concentra\u00e7\u00e3o no terceiro trimestre. O crescimento vem sendo verificado desde mar\u00e7o, com movimento em eleva\u00e7\u00e3o de at\u00e9 28% na procura por viagens com embarque entre os meses de setembro e dezembro, segundo a Associa\u00e7\u00e3o Brasileira de Ag\u00eancias de Viagens\u00a0(ABAV). Os brasileiros t\u00eam buscado destinos com menos restri\u00e7\u00f5es ou que se mantiveram abertos, caso de Dubai, M\u00e9xico e Maldivas, por [&hellip;]<\/p>\n","protected":false},"author":1,"featured_media":49322,"comment_status":"open","ping_status":"open","sticky":false,"template":"","format":"standard","meta":{"_links_to":"","_links_to_target":""},"categories":[7,1],"tags":[],"views":1033,"_links":{"self":[{"href":"https:\/\/www.brazilianpress.com\/v1\/wp-json\/wp\/v2\/posts\/49321"}],"collection":[{"href":"https:\/\/www.brazilianpress.com\/v1\/wp-json\/wp\/v2\/posts"}],"about":[{"href":"https:\/\/www.brazilianpress.com\/v1\/wp-json\/wp\/v2\/types\/post"}],"author":[{"embeddable":true,"href":"https:\/\/www.brazilianpress.com\/v1\/wp-json\/wp\/v2\/users\/1"}],"replies":[{"embeddable":true,"href":"https:\/\/www.brazilianpress.com\/v1\/wp-json\/wp\/v2\/comments?post=49321"}],"version-history":[{"count":1,"href":"https:\/\/www.brazilianpress.com\/v1\/wp-json\/wp\/v2\/posts\/49321\/revisions"}],"predecessor-version":[{"id":49323,"href":"https:\/\/www.brazilianpress.com\/v1\/wp-json\/wp\/v2\/posts\/49321\/revisions\/49323"}],"wp:featuredmedia":[{"embeddable":true,"href":"https:\/\/www.brazilianpress.com\/v1\/wp-json\/wp\/v2\/media\/49322"}],"wp:attachment":[{"href":"https:\/\/www.brazilianpress.com\/v1\/wp-json\/wp\/v2\/media?parent=49321"}],"wp:term":[{"taxonomy":"category","embeddable":true,"href":"https:\/\/www.brazilianpress.com\/v1\/wp-json\/wp\/v2\/categories?post=49321"},{"taxonomy":"post_tag","embeddable":true,"href":"https:\/\/www.brazilianpress.com\/v1\/wp-json\/wp\/v2\/tags?post=49321"}],"curies":[{"name":"wp","href":"https:\/\/api.w.org\/{rel}","templated":true}]}}