{"id":49360,"date":"2021-08-27T12:16:07","date_gmt":"2021-08-27T16:16:07","guid":{"rendered":"https:\/\/www.brazilianpress.com\/v1\/?p=49360"},"modified":"2021-08-27T12:16:07","modified_gmt":"2021-08-27T16:16:07","slug":"aumenta-numero-de-menores-de-18-anos-com-covid-19-em-new-jersey","status":"publish","type":"post","link":"https:\/\/www.brazilianpress.com\/v1\/2021\/08\/27\/aumenta-numero-de-menores-de-18-anos-com-covid-19-em-new-jersey\/","title":{"rendered":"Aumenta n\u00famero de menores de 18 anos com Covid-19 em New Jersey"},"content":{"rendered":"<p><strong>Enquanto milh\u00f5es de crian\u00e7as e adolescentes n\u00e3o vacinados se preparam para retornar \u00e0s aulas presenciais, o n\u00famero de casos de COVID entre eles em New Jersey est\u00e1 aumentando, de acordo com dados do Departamento de Sa\u00fade do estado.<\/strong><\/p>\n<p>Na semana passada, 6,58% das crian\u00e7as menores de 18 anos tiveram resultados positivos em 37.407 testes, de acordo com as estat\u00edsticas do Departamento de Sa\u00fade citadas pela NJ Advance Media.\u00a0Os casos aumentaram a cada semana desde 3 de julho, quando a taxa de positividade foi de 1,05% de 28.016 testes.<\/p>\n<p>Na semana passada, o n\u00famero de casos de COVID-19 em crian\u00e7as em todo o pa\u00eds atingiu os maiores n\u00edveis desde o pico do inverno passado.\u00a0E com o retorno \u00e0s aulas, a variante Delta em ascens\u00e3o e o inverno se aproximando, as autoridades de sa\u00fade temem que isso possa piorar.<\/p>\n<p>De cerca de 38.000 casos por semana perto do final de julho, a semana que terminou em 19 de agosto viu mais de 180.000 casos em crian\u00e7as, de acordo com o relat\u00f3rio.<\/p>\n<p>O aumento ocorreu quando 48,4% da popula\u00e7\u00e3o ainda n\u00e3o foi totalmente vacinada, de acordo com dados do Centro de Controle e Preven\u00e7\u00e3o de Doen\u00e7as (CDC).\u00a0E o n\u00famero m\u00e9dio de novos casos relatados diariamente aumenta para mais de 151.000.<\/p>\n<p>A vacina Pfizer \/ BioNTech foi aprovada em sua totalidade pela Food and Drug Administration (FDA) segunda-feira para crian\u00e7as com mais de 16 anos de idade.<\/p>\n<p>Da mesma forma, a Moderna anunciou na quarta-feira que concluiu sua apresenta\u00e7\u00e3o ao FDA para aprova\u00e7\u00e3o total de sua vacina COVID-19 para pessoas com 18 anos de idade ou mais.\u00a0A Moderna disse que solicitou uma revis\u00e3o priorit\u00e1ria da ag\u00eancia.\u00a0A vacina da Moderna est\u00e1 atualmente dispon\u00edvel sob uma autoriza\u00e7\u00e3o de uso de emerg\u00eancia para pessoas com 18 anos de idade ou mais.\u00a0A empresa come\u00e7ou a enviar dados para aprova\u00e7\u00e3o do FDA em junho.<\/p>\n<p>Mesmo assim, crian\u00e7as com menos de 16 anos ainda n\u00e3o podem receber a vacina e as atuais autoriza\u00e7\u00f5es de uso de emerg\u00eancia cobrem apenas adolescentes com 12 anos ou mais.<\/p>\n<p>&nbsp;<\/p>\n<p>Crian\u00e7as de 5 a 11 anos s\u00e3o o pr\u00f3ximo grupo na lista a receber a vacina COVID-19, e uma autoriza\u00e7\u00e3o de uso de emerg\u00eancia atualizada do FDA levaria \u00e0 imuniza\u00e7\u00e3o de pelo menos 28 milh\u00f5es de crian\u00e7as adicionais, representando aproximadamente 9% da popula\u00e7\u00e3o do pa\u00eds.<\/p>\n<p>Mas o processo de licenciamento de uma vacina para essa faixa et\u00e1ria pode n\u00e3o estar completo at\u00e9 o final do ano civil, disse o Dr. Vivek Murthy, Cirurgi\u00e3o Geral dos Estados Unidos.<\/p>\n<p>O governador Phil Murphy observou que os estados do sul e do meio-oeste j\u00e1 viram casos de crian\u00e7as dispararem, o que levou algumas escolas a retornar ao aprendizado virtual.<\/p>\n<p>No condado de Hillsborough, Fl\u00f3rida, mais de 13.000 alunos e funcion\u00e1rios est\u00e3o em quarentena, disse o governador, observando que mais de 20.000 alunos em todo o Mississippi foram expostos ao v\u00edrus.\u00a0Ele acrescentou que Ware County, Ge\u00f3rgia, fechou todas as suas escolas e, no Texas, v\u00e1rios distritos fecharam ou atrasaram o in\u00edcio de seus anos letivos devido ao aumento de casos entre alunos e funcion\u00e1rios.<\/p>\n<p>Murphy promulgou na segunda-feira uma imuniza\u00e7\u00e3o obrigat\u00f3ria ou teste para educadores e funcion\u00e1rios em todas as escolas do estado.\u00a0A exig\u00eancia est\u00e1 associada \u00e0 dissemina\u00e7\u00e3o da variante Delta, que responde por 96% de todos os novos casos no estado, segundo dados estaduais.<\/p>\n","protected":false},"excerpt":{"rendered":"<p>Enquanto milh\u00f5es de crian\u00e7as e adolescentes n\u00e3o vacinados se preparam para retornar \u00e0s aulas presenciais, o n\u00famero de casos de COVID entre eles em New Jersey est\u00e1 aumentando, de acordo com dados do Departamento de Sa\u00fade do estado. Na semana passada, 6,58% das crian\u00e7as menores de 18 anos tiveram resultados positivos em 37.407 testes, de acordo com as estat\u00edsticas do Departamento de Sa\u00fade citadas pela NJ Advance Media.\u00a0Os casos aumentaram a cada semana desde 3 de julho, quando a taxa de positividade foi de 1,05% de 28.016 testes. Na semana passada, o n\u00famero de casos de COVID-19 em crian\u00e7as em [&hellip;]<\/p>\n","protected":false},"author":1,"featured_media":48933,"comment_status":"open","ping_status":"open","sticky":false,"template":"","format":"standard","meta":{"_links_to":"","_links_to_target":""},"categories":[4,3,1],"tags":[],"views":1095,"_links":{"self":[{"href":"https:\/\/www.brazilianpress.com\/v1\/wp-json\/wp\/v2\/posts\/49360"}],"collection":[{"href":"https:\/\/www.brazilianpress.com\/v1\/wp-json\/wp\/v2\/posts"}],"about":[{"href":"https:\/\/www.brazilianpress.com\/v1\/wp-json\/wp\/v2\/types\/post"}],"author":[{"embeddable":true,"href":"https:\/\/www.brazilianpress.com\/v1\/wp-json\/wp\/v2\/users\/1"}],"replies":[{"embeddable":true,"href":"https:\/\/www.brazilianpress.com\/v1\/wp-json\/wp\/v2\/comments?post=49360"}],"version-history":[{"count":1,"href":"https:\/\/www.brazilianpress.com\/v1\/wp-json\/wp\/v2\/posts\/49360\/revisions"}],"predecessor-version":[{"id":49361,"href":"https:\/\/www.brazilianpress.com\/v1\/wp-json\/wp\/v2\/posts\/49360\/revisions\/49361"}],"wp:featuredmedia":[{"embeddable":true,"href":"https:\/\/www.brazilianpress.com\/v1\/wp-json\/wp\/v2\/media\/48933"}],"wp:attachment":[{"href":"https:\/\/www.brazilianpress.com\/v1\/wp-json\/wp\/v2\/media?parent=49360"}],"wp:term":[{"taxonomy":"category","embeddable":true,"href":"https:\/\/www.brazilianpress.com\/v1\/wp-json\/wp\/v2\/categories?post=49360"},{"taxonomy":"post_tag","embeddable":true,"href":"https:\/\/www.brazilianpress.com\/v1\/wp-json\/wp\/v2\/tags?post=49360"}],"curies":[{"name":"wp","href":"https:\/\/api.w.org\/{rel}","templated":true}]}}