{"id":49414,"date":"2021-09-03T12:21:43","date_gmt":"2021-09-03T16:21:43","guid":{"rendered":"https:\/\/www.brazilianpress.com\/v1\/?p=49414"},"modified":"2021-09-03T12:21:43","modified_gmt":"2021-09-03T16:21:43","slug":"lea-campos-getulio-vargas-o-pai-dos-pobres","status":"publish","type":"post","link":"https:\/\/www.brazilianpress.com\/v1\/2021\/09\/03\/lea-campos-getulio-vargas-o-pai-dos-pobres\/","title":{"rendered":"L\u00e9a Campos: Get\u00falio Vargas, &#8220;O Pai dos Pobres&#8221;"},"content":{"rendered":"<p>N\u00e3o vou elogiar um ditador, n\u00e3o vou dizer que ele foi o melhor ou pior presidente que tivemos, mas vamos enfatizar que apesar de tudo de mal que ele proporcionou, segundo conta a hist\u00f3ria. Get\u00falio Vargas presidiu o Brasil durante 18 anos de 1930 a 1945, sendo reeleito em 1951 governando at\u00e9 1954 quando, segundo a hist\u00f3ria, se suicidou. Dia 24 passado, 67 anos ap\u00f3s o evento, n\u00e3o houve no Brasil uma refer\u00eancia sobre um dos presidentes mais pol\u00eamicos do pa\u00eds.<\/p>\n<p>A &#8220;Era Vargas&#8221;, como ficou conhecida, foi marcada pelo regime ditatorial e pela cria\u00e7\u00e3o de alguns direitos trabalhistas, como o sal\u00e1rio m\u00ednimo, a carteira de trabalho e as f\u00e9rias anuais remuneradas, talvez por isso foi chamado: &#8220;O pai dos pobres&#8221;. N\u00e3o podemos colocar no ba\u00fa do esquecimento que Get\u00falio foi o criador da Petrobras, que hoje e usada pelos pol\u00edticos corruptos e ladr\u00f5es. Apesar da lei criada por ele em 1943 que proibia a mulher de participar de qualquer tipo de esporte, alegando que eram incompat\u00edveis com a estrutura da mulher, devemos agradecer ao &#8220;Velhinho&#8221;: como dizia a m\u00fasica em sua homenagem, pois foi ele que criou a lei permitindo que a mulher pudesse votar, e hoje somos n\u00e3o apenas votantes como tamb\u00e9m temos o direito de nos candidatarmos a qualquer cargo eletivo. Certamente \u00e9 um complemento da lei de Vargas.<\/p>\n<p>Esteve nas fileiras militares, depois de abandonar a carreira militar foi estudar direito na Universidade ga\u00facha, e em 1909 Get\u00falio se candidatou a deputado estadual, saiu vitorioso, mas por diverg\u00eancia com o governador Borges de Medeiros, renunciou, voltando ao mesmo cargo entre 1917 e 1921, sendo eleito Deputado Federal em 1923. Em 1926 foi ministro da Fazenda do presidente Washington Lu\u00eds, em 1927 deixou o minist\u00e9rio e se candidatou a governador do Rio Grande do Sul, sendo vitorioso tomando posse em 1928 quando conseguiu unir todas as for\u00e7as pol\u00edticas formando um governo de coalis\u00e3o. Get\u00falio Vargas apesar de ditador fez muita coisa positiva para o Brasil, restaurou as elei\u00e7\u00f5es diretas que ele mesmo havia proibido. Ao vencer a &#8220;Intentona comunista&#8221;, Vargas conseguiu sufocar o que Prestes pretendia, ou seja, que ele fosse deposto.<\/p>\n<p>A hist\u00f3ria precisa ser contada aos jovens para que n\u00e3o sejam enganados por falsos pol\u00edticos. Dia 23 de agosto de 1954, diante de um ultimato do ministro da guerra, no qual exigia seu afastamento, Get\u00falio se viu isolado no Palacio do Catete e escreve uma carta fundamentalmente pol\u00edtica e se mata comum tiro no peito. Sua morte ocorreu dia 24 de agosto de 1954 no Rio de Janeiro no Palacio do Catete. Get\u00falio foi casado com Darci Vargas e criaram 5 filhos: Alzira, Manuel, Lutero, Jandira e Get\u00falio Vargas Filho. Quem n\u00e3o conhece seu passado, corre o risco de repeti-lo.<\/p>\n","protected":false},"excerpt":{"rendered":"<p>N\u00e3o vou elogiar um ditador, n\u00e3o vou dizer que ele foi o melhor ou pior presidente que tivemos, mas vamos enfatizar que apesar de tudo de mal que ele proporcionou, segundo conta a hist\u00f3ria. Get\u00falio Vargas presidiu o Brasil durante 18 anos de 1930 a 1945, sendo reeleito em 1951 governando at\u00e9 1954 quando, segundo a hist\u00f3ria, se suicidou. Dia 24 passado, 67 anos ap\u00f3s o evento, n\u00e3o houve no Brasil uma refer\u00eancia sobre um dos presidentes mais pol\u00eamicos do pa\u00eds. A &#8220;Era Vargas&#8221;, como ficou conhecida, foi marcada pelo regime ditatorial e pela cria\u00e7\u00e3o de alguns direitos trabalhistas, como [&hellip;]<\/p>\n","protected":false},"author":1,"featured_media":49415,"comment_status":"open","ping_status":"closed","sticky":false,"template":"","format":"standard","meta":{"_links_to":"","_links_to_target":""},"categories":[15,1],"tags":[],"views":1459,"_links":{"self":[{"href":"https:\/\/www.brazilianpress.com\/v1\/wp-json\/wp\/v2\/posts\/49414"}],"collection":[{"href":"https:\/\/www.brazilianpress.com\/v1\/wp-json\/wp\/v2\/posts"}],"about":[{"href":"https:\/\/www.brazilianpress.com\/v1\/wp-json\/wp\/v2\/types\/post"}],"author":[{"embeddable":true,"href":"https:\/\/www.brazilianpress.com\/v1\/wp-json\/wp\/v2\/users\/1"}],"replies":[{"embeddable":true,"href":"https:\/\/www.brazilianpress.com\/v1\/wp-json\/wp\/v2\/comments?post=49414"}],"version-history":[{"count":1,"href":"https:\/\/www.brazilianpress.com\/v1\/wp-json\/wp\/v2\/posts\/49414\/revisions"}],"predecessor-version":[{"id":49416,"href":"https:\/\/www.brazilianpress.com\/v1\/wp-json\/wp\/v2\/posts\/49414\/revisions\/49416"}],"wp:featuredmedia":[{"embeddable":true,"href":"https:\/\/www.brazilianpress.com\/v1\/wp-json\/wp\/v2\/media\/49415"}],"wp:attachment":[{"href":"https:\/\/www.brazilianpress.com\/v1\/wp-json\/wp\/v2\/media?parent=49414"}],"wp:term":[{"taxonomy":"category","embeddable":true,"href":"https:\/\/www.brazilianpress.com\/v1\/wp-json\/wp\/v2\/categories?post=49414"},{"taxonomy":"post_tag","embeddable":true,"href":"https:\/\/www.brazilianpress.com\/v1\/wp-json\/wp\/v2\/tags?post=49414"}],"curies":[{"name":"wp","href":"https:\/\/api.w.org\/{rel}","templated":true}]}}