{"id":49426,"date":"2021-09-03T12:41:06","date_gmt":"2021-09-03T16:41:06","guid":{"rendered":"https:\/\/www.brazilianpress.com\/v1\/?p=49426"},"modified":"2021-09-03T12:41:06","modified_gmt":"2021-09-03T16:41:06","slug":"estado-de-new-jersey-nao-estendera-o-auxilio-desemprego-apos-4-de-setembro","status":"publish","type":"post","link":"https:\/\/www.brazilianpress.com\/v1\/2021\/09\/03\/estado-de-new-jersey-nao-estendera-o-auxilio-desemprego-apos-4-de-setembro\/","title":{"rendered":"Estado de New Jersey n\u00e3o estender\u00e1 o aux\u00edlio-desemprego ap\u00f3s 4 de setembro"},"content":{"rendered":"<p><strong>O governador de Nova Jersey, Phil Murphy, relatou que n\u00e3o estender\u00e1 os benef\u00edcios federais ao desemprego do Ato de Resgate Federal dos EUA que termina em 4 de setembro, incluindo o benef\u00edcio semanal de $ 300.\u00a0Cerca de 500.000 residentes se beneficiam dessas concess\u00f5es.<\/strong><\/p>\n<p>O governador observou durante o an\u00fancio que estender os tr\u00eas programas de benef\u00edcios de desemprego sob esta lei custaria ao Garden State por semana de $ 315 a $ 584 milh\u00f5es.<\/p>\n<p>Esses tr\u00eas programas s\u00e3o: Assist\u00eancia ao Desemprego Pand\u00eamico (PUA), que custaria a New Jersey de US $ 70 a US $ 161 milh\u00f5es.\u00a0Compensa\u00e7\u00e3o de Desemprego de Emerg\u00eancia Pand\u00eamica (PEUC), que custaria US $ 77 a US $ 124 milh\u00f5es.\u00a0E a Compensa\u00e7\u00e3o de Desemprego Pand\u00eamico Federal (FPUC), que custaria US $ 168 a US $ 229 milh\u00f5es.<\/p>\n<p>\u201cReconhecemos o impacto que esta decis\u00e3o ter\u00e1 para algumas fam\u00edlias com problemas de desemprego e para apoiar os residentes que est\u00e3o passando por dificuldades econ\u00f4micas devido \u00e0 pandemia, investimos em diferentes tipos de assist\u00eancia, como creches, cuidados de sa\u00fade acess\u00edveis e outros programas de apoio\u201d, disse o governador.\u00a0&#8220;O Departamento do Trabalho est\u00e1 pronto para ajudar aqueles que precisam de mais ajuda para encontrar esses recursos.&#8221;<\/p>\n<p><strong>Para obter informa\u00e7\u00f5es sobre os programas de recursos de assist\u00eancia do Departamento do Trabalho de New Jersey ap\u00f3s o t\u00e9rmino dos\u00a0benef\u00edcios de desemprego, acesse https:\/\/www.myunemployment.nj.gov\/labor\/myunemployment\/help\/resources-support\/<\/strong><\/p>\n<p>O governador tomou a decis\u00e3o, apesar do presidente Biden ter recomendado manter o aux\u00edlio-desemprego a alguns estados com recupera\u00e7\u00e3o lenta dos empregos, o que inclui New Jersey. At\u00e9 agora, New Jersey distribuiu US $ 33,7 bilh\u00f5es em assist\u00eancia ao desemprego relacionado \u00e0 pandemia para fam\u00edlias e trabalhadores, disse o governador.<\/p>\n","protected":false},"excerpt":{"rendered":"<p>O governador de Nova Jersey, Phil Murphy, relatou que n\u00e3o estender\u00e1 os benef\u00edcios federais ao desemprego do Ato de Resgate Federal dos EUA que termina em 4 de setembro, incluindo o benef\u00edcio semanal de $ 300.\u00a0Cerca de 500.000 residentes se beneficiam dessas concess\u00f5es. O governador observou durante o an\u00fancio que estender os tr\u00eas programas de benef\u00edcios de desemprego sob esta lei custaria ao Garden State por semana de $ 315 a $ 584 milh\u00f5es. Esses tr\u00eas programas s\u00e3o: Assist\u00eancia ao Desemprego Pand\u00eamico (PUA), que custaria a New Jersey de US $ 70 a US $ 161 milh\u00f5es.\u00a0Compensa\u00e7\u00e3o de Desemprego de [&hellip;]<\/p>\n","protected":false},"author":1,"featured_media":24502,"comment_status":"open","ping_status":"closed","sticky":false,"template":"","format":"standard","meta":{"_links_to":"","_links_to_target":""},"categories":[4,3,1],"tags":[],"views":972,"_links":{"self":[{"href":"https:\/\/www.brazilianpress.com\/v1\/wp-json\/wp\/v2\/posts\/49426"}],"collection":[{"href":"https:\/\/www.brazilianpress.com\/v1\/wp-json\/wp\/v2\/posts"}],"about":[{"href":"https:\/\/www.brazilianpress.com\/v1\/wp-json\/wp\/v2\/types\/post"}],"author":[{"embeddable":true,"href":"https:\/\/www.brazilianpress.com\/v1\/wp-json\/wp\/v2\/users\/1"}],"replies":[{"embeddable":true,"href":"https:\/\/www.brazilianpress.com\/v1\/wp-json\/wp\/v2\/comments?post=49426"}],"version-history":[{"count":1,"href":"https:\/\/www.brazilianpress.com\/v1\/wp-json\/wp\/v2\/posts\/49426\/revisions"}],"predecessor-version":[{"id":49427,"href":"https:\/\/www.brazilianpress.com\/v1\/wp-json\/wp\/v2\/posts\/49426\/revisions\/49427"}],"wp:featuredmedia":[{"embeddable":true,"href":"https:\/\/www.brazilianpress.com\/v1\/wp-json\/wp\/v2\/media\/24502"}],"wp:attachment":[{"href":"https:\/\/www.brazilianpress.com\/v1\/wp-json\/wp\/v2\/media?parent=49426"}],"wp:term":[{"taxonomy":"category","embeddable":true,"href":"https:\/\/www.brazilianpress.com\/v1\/wp-json\/wp\/v2\/categories?post=49426"},{"taxonomy":"post_tag","embeddable":true,"href":"https:\/\/www.brazilianpress.com\/v1\/wp-json\/wp\/v2\/tags?post=49426"}],"curies":[{"name":"wp","href":"https:\/\/api.w.org\/{rel}","templated":true}]}}