{"id":49442,"date":"2021-09-03T12:51:02","date_gmt":"2021-09-03T16:51:02","guid":{"rendered":"https:\/\/www.brazilianpress.com\/v1\/?p=49442"},"modified":"2021-09-03T12:51:02","modified_gmt":"2021-09-03T16:51:02","slug":"fotos-furacao-ida-atinge-nj-com-tornados-inundacoes-quedas-de-energia-e-morte","status":"publish","type":"post","link":"https:\/\/www.brazilianpress.com\/v1\/2021\/09\/03\/fotos-furacao-ida-atinge-nj-com-tornados-inundacoes-quedas-de-energia-e-morte\/","title":{"rendered":"FOTOS: Furac\u00e3o Ida atinge NJ com tornados, inunda\u00e7\u00f5es, quedas de energia e morte"},"content":{"rendered":"<p><strong>Enquanto o c\u00e9u estava clareando na quinta-feira de manh\u00e3, ap\u00f3s uma noite desastrosa de fortes chuvas que causaram grandes enchentes\u00a0que deixaram pelo menos uma pessoa morta, a amea\u00e7a de mais enchentes permanece.<\/strong><\/p>\n<p>O Servi\u00e7o Meteorol\u00f3gico Nacional em Mount Holly tamb\u00e9m disse que suspeitava que pelo menos tr\u00eas tornados ca\u00edram em New Jersey\u00a0com um j\u00e1 confirmado em Mullica Hill, no condado de Gloucester, que danificou cerca de 100 casas, incluindo 20 que foram destru\u00eddas, e mandou duas pessoas para o hospital.\u00a0 Pelo menos 8 pessoas morreram em New York\u00a0como resultado das chuvas devastadoras.<\/p>\n<p><span style=\"color: #993300;\"><strong>Clique nas fotos para ampliar:<\/strong><\/span><\/p>\n\n\t\t<style type=\"text\/css\">\n\t\t\t#gallery-1 {\n\t\t\t\tmargin: auto;\n\t\t\t}\n\t\t\t#gallery-1 .gallery-item {\n\t\t\t\tfloat: left;\n\t\t\t\tmargin-top: 10px;\n\t\t\t\ttext-align: center;\n\t\t\t\twidth: 33%;\n\t\t\t}\n\t\t\t#gallery-1 img {\n\t\t\t\tborder: 2px solid #cfcfcf;\n\t\t\t}\n\t\t\t#gallery-1 .gallery-caption {\n\t\t\t\tmargin-left: 0;\n\t\t\t}\n\t\t\t\/* see gallery_shortcode() in wp-includes\/media.php *\/\n\t\t<\/style>\n\t\t<div id='gallery-1' class='gallery galleryid-49442 gallery-columns-3 gallery-size-thumbnail'><dl class='gallery-item'>\n\t\t\t<dt class='gallery-icon landscape'>\n\t\t\t\t<a href=\"https:\/\/www.brazilianpress.com\/v1\/wp-content\/uploads\/2021\/09\/tempestade-temporal-chuva-nj-202109-9.jpg\" class=\"gallery_colorbox\"><img width=\"150\" height=\"150\" src=\"https:\/\/www.brazilianpress.com\/v1\/wp-content\/uploads\/2021\/09\/tempestade-temporal-chuva-nj-202109-9-150x150.jpg\"  class=\"attachment-thumbnail size-thumbnail\" alt=\"\" loading=\"lazy\" srcset=\"https:\/\/www.brazilianpress.com\/v1\/wp-content\/uploads\/2021\/09\/tempestade-temporal-chuva-nj-202109-9-150x150.jpg 150w, https:\/\/www.brazilianpress.com\/v1\/wp-content\/uploads\/2021\/09\/tempestade-temporal-chuva-nj-202109-9-180x180.jpg 180w\" sizes=\"(max-width: 150px) 100vw, 150px\" \/><\/a>\n\t\t\t<\/dt><\/dl><dl class='gallery-item'>\n\t\t\t<dt class='gallery-icon landscape'>\n\t\t\t\t<a href=\"https:\/\/www.brazilianpress.com\/v1\/wp-content\/uploads\/2021\/09\/tempestade-temporal-chuva-nj-202109-3.jpg\" class=\"gallery_colorbox\"><img width=\"150\" height=\"150\" src=\"https:\/\/www.brazilianpress.com\/v1\/wp-content\/uploads\/2021\/09\/tempestade-temporal-chuva-nj-202109-3-150x150.jpg\"  class=\"attachment-thumbnail size-thumbnail\" alt=\"\" loading=\"lazy\" srcset=\"https:\/\/www.brazilianpress.com\/v1\/wp-content\/uploads\/2021\/09\/tempestade-temporal-chuva-nj-202109-3-150x150.jpg 150w, https:\/\/www.brazilianpress.com\/v1\/wp-content\/uploads\/2021\/09\/tempestade-temporal-chuva-nj-202109-3-180x180.jpg 180w, https:\/\/www.brazilianpress.com\/v1\/wp-content\/uploads\/2021\/09\/tempestade-temporal-chuva-nj-202109-3-400x400.jpg 400w\" sizes=\"(max-width: 150px) 100vw, 150px\" \/><\/a>\n\t\t\t<\/dt><\/dl><dl class='gallery-item'>\n\t\t\t<dt class='gallery-icon landscape'>\n\t\t\t\t<a href=\"https:\/\/www.brazilianpress.com\/v1\/wp-content\/uploads\/2021\/09\/tempestade-temporal-chuva-nj-202109-10.jpg\" class=\"gallery_colorbox\"><img width=\"150\" height=\"150\" src=\"https:\/\/www.brazilianpress.com\/v1\/wp-content\/uploads\/2021\/09\/tempestade-temporal-chuva-nj-202109-10-150x150.jpg\"  class=\"attachment-thumbnail size-thumbnail\" alt=\"\" loading=\"lazy\" srcset=\"https:\/\/www.brazilianpress.com\/v1\/wp-content\/uploads\/2021\/09\/tempestade-temporal-chuva-nj-202109-10-150x150.jpg 150w, https:\/\/www.brazilianpress.com\/v1\/wp-content\/uploads\/2021\/09\/tempestade-temporal-chuva-nj-202109-10-180x180.jpg 180w, https:\/\/www.brazilianpress.com\/v1\/wp-content\/uploads\/2021\/09\/tempestade-temporal-chuva-nj-202109-10-400x400.jpg 400w\" sizes=\"(max-width: 150px) 100vw, 150px\" \/><\/a>\n\t\t\t<\/dt><\/dl><br style=\"clear: both\" \/><dl class='gallery-item'>\n\t\t\t<dt class='gallery-icon landscape'>\n\t\t\t\t<a href=\"https:\/\/www.brazilianpress.com\/v1\/wp-content\/uploads\/2021\/09\/tempestade-temporal-chuva-nj-202109-1.jpg\" class=\"gallery_colorbox\"><img width=\"150\" height=\"150\" src=\"https:\/\/www.brazilianpress.com\/v1\/wp-content\/uploads\/2021\/09\/tempestade-temporal-chuva-nj-202109-1-150x150.jpg\"  class=\"attachment-thumbnail size-thumbnail\" alt=\"\" loading=\"lazy\" srcset=\"https:\/\/www.brazilianpress.com\/v1\/wp-content\/uploads\/2021\/09\/tempestade-temporal-chuva-nj-202109-1-150x150.jpg 150w, https:\/\/www.brazilianpress.com\/v1\/wp-content\/uploads\/2021\/09\/tempestade-temporal-chuva-nj-202109-1-180x180.jpg 180w\" sizes=\"(max-width: 150px) 100vw, 150px\" \/><\/a>\n\t\t\t<\/dt><\/dl><dl class='gallery-item'>\n\t\t\t<dt class='gallery-icon landscape'>\n\t\t\t\t<a href=\"https:\/\/www.brazilianpress.com\/v1\/wp-content\/uploads\/2021\/09\/tempestade-temporal-chuva-nj-202109-2.jpg\" class=\"gallery_colorbox\"><img width=\"150\" height=\"150\" src=\"https:\/\/www.brazilianpress.com\/v1\/wp-content\/uploads\/2021\/09\/tempestade-temporal-chuva-nj-202109-2-150x150.jpg\"  class=\"attachment-thumbnail size-thumbnail\" alt=\"\" loading=\"lazy\" srcset=\"https:\/\/www.brazilianpress.com\/v1\/wp-content\/uploads\/2021\/09\/tempestade-temporal-chuva-nj-202109-2-150x150.jpg 150w, https:\/\/www.brazilianpress.com\/v1\/wp-content\/uploads\/2021\/09\/tempestade-temporal-chuva-nj-202109-2-180x180.jpg 180w\" sizes=\"(max-width: 150px) 100vw, 150px\" \/><\/a>\n\t\t\t<\/dt><\/dl><dl class='gallery-item'>\n\t\t\t<dt class='gallery-icon landscape'>\n\t\t\t\t<a href=\"https:\/\/www.brazilianpress.com\/v1\/wp-content\/uploads\/2021\/09\/tempestade-temporal-chuva-nj-202109-8.jpg\" class=\"gallery_colorbox\"><img width=\"150\" height=\"150\" src=\"https:\/\/www.brazilianpress.com\/v1\/wp-content\/uploads\/2021\/09\/tempestade-temporal-chuva-nj-202109-8-150x150.jpg\"  class=\"attachment-thumbnail size-thumbnail\" alt=\"\" loading=\"lazy\" srcset=\"https:\/\/www.brazilianpress.com\/v1\/wp-content\/uploads\/2021\/09\/tempestade-temporal-chuva-nj-202109-8-150x150.jpg 150w, https:\/\/www.brazilianpress.com\/v1\/wp-content\/uploads\/2021\/09\/tempestade-temporal-chuva-nj-202109-8-180x180.jpg 180w\" sizes=\"(max-width: 150px) 100vw, 150px\" \/><\/a>\n\t\t\t<\/dt><\/dl><br style=\"clear: both\" \/><dl class='gallery-item'>\n\t\t\t<dt class='gallery-icon landscape'>\n\t\t\t\t<a href=\"https:\/\/www.brazilianpress.com\/v1\/wp-content\/uploads\/2021\/09\/tempestade-temporal-chuva-nj-202109-7.jpg\" class=\"gallery_colorbox\"><img width=\"150\" height=\"150\" src=\"https:\/\/www.brazilianpress.com\/v1\/wp-content\/uploads\/2021\/09\/tempestade-temporal-chuva-nj-202109-7-150x150.jpg\"  class=\"attachment-thumbnail size-thumbnail\" alt=\"\" loading=\"lazy\" srcset=\"https:\/\/www.brazilianpress.com\/v1\/wp-content\/uploads\/2021\/09\/tempestade-temporal-chuva-nj-202109-7-150x150.jpg 150w, https:\/\/www.brazilianpress.com\/v1\/wp-content\/uploads\/2021\/09\/tempestade-temporal-chuva-nj-202109-7-180x180.jpg 180w, https:\/\/www.brazilianpress.com\/v1\/wp-content\/uploads\/2021\/09\/tempestade-temporal-chuva-nj-202109-7-400x400.jpg 400w\" sizes=\"(max-width: 150px) 100vw, 150px\" \/><\/a>\n\t\t\t<\/dt><\/dl><dl class='gallery-item'>\n\t\t\t<dt class='gallery-icon landscape'>\n\t\t\t\t<a href=\"https:\/\/www.brazilianpress.com\/v1\/wp-content\/uploads\/2021\/09\/tempestade-temporal-chuva-nj-202109-6.jpg\" class=\"gallery_colorbox\"><img width=\"150\" height=\"150\" src=\"https:\/\/www.brazilianpress.com\/v1\/wp-content\/uploads\/2021\/09\/tempestade-temporal-chuva-nj-202109-6-150x150.jpg\"  class=\"attachment-thumbnail size-thumbnail\" alt=\"\" loading=\"lazy\" srcset=\"https:\/\/www.brazilianpress.com\/v1\/wp-content\/uploads\/2021\/09\/tempestade-temporal-chuva-nj-202109-6-150x150.jpg 150w, https:\/\/www.brazilianpress.com\/v1\/wp-content\/uploads\/2021\/09\/tempestade-temporal-chuva-nj-202109-6-180x180.jpg 180w, https:\/\/www.brazilianpress.com\/v1\/wp-content\/uploads\/2021\/09\/tempestade-temporal-chuva-nj-202109-6-400x400.jpg 400w\" sizes=\"(max-width: 150px) 100vw, 150px\" \/><\/a>\n\t\t\t<\/dt><\/dl><dl class='gallery-item'>\n\t\t\t<dt class='gallery-icon landscape'>\n\t\t\t\t<a href=\"https:\/\/www.brazilianpress.com\/v1\/wp-content\/uploads\/2021\/09\/tempestade-temporal-chuva-nj-202109-5.jpg\" class=\"gallery_colorbox\"><img width=\"150\" height=\"150\" src=\"https:\/\/www.brazilianpress.com\/v1\/wp-content\/uploads\/2021\/09\/tempestade-temporal-chuva-nj-202109-5-150x150.jpg\"  class=\"attachment-thumbnail size-thumbnail\" alt=\"\" loading=\"lazy\" srcset=\"https:\/\/www.brazilianpress.com\/v1\/wp-content\/uploads\/2021\/09\/tempestade-temporal-chuva-nj-202109-5-150x150.jpg 150w, https:\/\/www.brazilianpress.com\/v1\/wp-content\/uploads\/2021\/09\/tempestade-temporal-chuva-nj-202109-5-180x180.jpg 180w, https:\/\/www.brazilianpress.com\/v1\/wp-content\/uploads\/2021\/09\/tempestade-temporal-chuva-nj-202109-5-400x400.jpg 400w\" sizes=\"(max-width: 150px) 100vw, 150px\" \/><\/a>\n\t\t\t<\/dt><\/dl><br style=\"clear: both\" \/><dl class='gallery-item'>\n\t\t\t<dt class='gallery-icon landscape'>\n\t\t\t\t<a href=\"https:\/\/www.brazilianpress.com\/v1\/wp-content\/uploads\/2021\/09\/tempestade-temporal-chuva-nj-202109-4.jpg\" class=\"gallery_colorbox\"><img width=\"150\" height=\"150\" src=\"https:\/\/www.brazilianpress.com\/v1\/wp-content\/uploads\/2021\/09\/tempestade-temporal-chuva-nj-202109-4-150x150.jpg\"  class=\"attachment-thumbnail size-thumbnail\" alt=\"\" loading=\"lazy\" srcset=\"https:\/\/www.brazilianpress.com\/v1\/wp-content\/uploads\/2021\/09\/tempestade-temporal-chuva-nj-202109-4-150x150.jpg 150w, https:\/\/www.brazilianpress.com\/v1\/wp-content\/uploads\/2021\/09\/tempestade-temporal-chuva-nj-202109-4-180x180.jpg 180w\" sizes=\"(max-width: 150px) 100vw, 150px\" \/><\/a>\n\t\t\t<\/dt><\/dl>\n\t\t\t<br style='clear: both' \/>\n\t\t<\/div>\n\n<p>Os primeiros n\u00fameros mostram que a chuva mais forte caiu no norte de New Jersey, com 20 a 25 cent\u00edmetros de chuva em um curto per\u00edodo na noite passada em partes dos condados de Bergen, Passaic e Essex, o servi\u00e7o meteorol\u00f3gico.<\/p>\n<p>Mais de 23 cent\u00edmetros de chuva foram registrados no sul do condado de Hunterdon e as comunidades do condado de Somerset registraram mais de 20 cent\u00edmetros, disse o servi\u00e7o.<\/p>\n<p>Carteret no condado de Middlesex viu 9,23 polegadas de chuva, Hopewell no condado de Mercer registrou 9,02 polegadas e o distrito de Sussex registrou 10,14 polegadas, de acordo com n\u00fameros preliminares do servi\u00e7o meteorol\u00f3gico.\u00a0Esses totais podem aumentar \u00e0 medida que as atualiza\u00e7\u00f5es chegam.<\/p>\n<p>\u201cA maior parte caiu em apenas algumas horas.\u00a0Foi tudo no final da tarde e ontem \u00e0 noite\u201d, disse o meteorologista Carr.\u00a0\u201cEsse \u00e9 um grande componente do problema, quando voc\u00ea tem toda aquela chuva em menos de seis horas, voc\u00ea pode ter muitos problemas.\u201d<\/p>\n<p>As inunda\u00e7\u00f5es, especialmente nas regi\u00f5es central e norte de Jersey, podem piorar hoje, sexta-feira, de acordo com Alex Staarman, meteorologista do servi\u00e7o meteorol\u00f3gico em Mount Holly.\u00a0O governador Phil Murphy declarou estado de emerg\u00eancia\u00a0quarta-feira.<\/p>\n<p>\u201cH\u00e1 inunda\u00e7\u00f5es bastante significativas e hist\u00f3ricas em toda a \u00e1rea\u201d, disse Staarman no in\u00edcio da quinta-feira.<\/p>\n<p>O rio Raritan, o rio Delaware perto de Washington Crossing e Trenton estavam em n\u00edveis de inunda\u00e7\u00e3o pr\u00f3ximos ou grandes, assim como quase todos os rios na metade norte do estado, disse Staarman.\u00a0Alguns rios podem atingir o m\u00e1ximo hist\u00f3rico de todos os tempos na quinta-feira, de acordo com a modelagem.<\/p>\n<p>\u201cAs coisas estavam mais ativas mais ao sul, embora algumas parecessem chegar ao norte de Trenton\u201d, disse Jonathan O&#8217;Brien, meteorologista do servi\u00e7o meteorol\u00f3gico.<\/p>\n<p>O&#8217;Brien disse que o servi\u00e7o meteorol\u00f3gico confirmou que um tornado pousou perto de Mullica Hill.<\/p>\n","protected":false},"excerpt":{"rendered":"<p>Enquanto o c\u00e9u estava clareando na quinta-feira de manh\u00e3, ap\u00f3s uma noite desastrosa de fortes chuvas que causaram grandes enchentes\u00a0que deixaram pelo menos uma pessoa morta, a amea\u00e7a de mais enchentes permanece. O Servi\u00e7o Meteorol\u00f3gico Nacional em Mount Holly tamb\u00e9m disse que suspeitava que pelo menos tr\u00eas tornados ca\u00edram em New Jersey\u00a0com um j\u00e1 confirmado em Mullica Hill, no condado de Gloucester, que danificou cerca de 100 casas, incluindo 20 que foram destru\u00eddas, e mandou duas pessoas para o hospital.\u00a0 Pelo menos 8 pessoas morreram em New York\u00a0como resultado das chuvas devastadoras. Clique nas fotos para ampliar: Os primeiros n\u00fameros [&hellip;]<\/p>\n","protected":false},"author":1,"featured_media":49437,"comment_status":"open","ping_status":"closed","sticky":false,"template":"","format":"standard","meta":{"_links_to":"","_links_to_target":""},"categories":[4,3,1],"tags":[],"views":962,"_links":{"self":[{"href":"https:\/\/www.brazilianpress.com\/v1\/wp-json\/wp\/v2\/posts\/49442"}],"collection":[{"href":"https:\/\/www.brazilianpress.com\/v1\/wp-json\/wp\/v2\/posts"}],"about":[{"href":"https:\/\/www.brazilianpress.com\/v1\/wp-json\/wp\/v2\/types\/post"}],"author":[{"embeddable":true,"href":"https:\/\/www.brazilianpress.com\/v1\/wp-json\/wp\/v2\/users\/1"}],"replies":[{"embeddable":true,"href":"https:\/\/www.brazilianpress.com\/v1\/wp-json\/wp\/v2\/comments?post=49442"}],"version-history":[{"count":1,"href":"https:\/\/www.brazilianpress.com\/v1\/wp-json\/wp\/v2\/posts\/49442\/revisions"}],"predecessor-version":[{"id":49443,"href":"https:\/\/www.brazilianpress.com\/v1\/wp-json\/wp\/v2\/posts\/49442\/revisions\/49443"}],"wp:featuredmedia":[{"embeddable":true,"href":"https:\/\/www.brazilianpress.com\/v1\/wp-json\/wp\/v2\/media\/49437"}],"wp:attachment":[{"href":"https:\/\/www.brazilianpress.com\/v1\/wp-json\/wp\/v2\/media?parent=49442"}],"wp:term":[{"taxonomy":"category","embeddable":true,"href":"https:\/\/www.brazilianpress.com\/v1\/wp-json\/wp\/v2\/categories?post=49442"},{"taxonomy":"post_tag","embeddable":true,"href":"https:\/\/www.brazilianpress.com\/v1\/wp-json\/wp\/v2\/tags?post=49442"}],"curies":[{"name":"wp","href":"https:\/\/api.w.org\/{rel}","templated":true}]}}