{"id":49447,"date":"2021-09-04T08:47:22","date_gmt":"2021-09-04T12:47:22","guid":{"rendered":"https:\/\/www.brazilianpress.com\/v1\/?p=49447"},"modified":"2021-09-04T08:47:22","modified_gmt":"2021-09-04T12:47:22","slug":"caso-dede-justica-cita-cruzeiro-a-pagar-r-330-mi-a-empresarios-clube-entrara-com-embargos","status":"publish","type":"post","link":"https:\/\/www.brazilianpress.com\/v1\/2021\/09\/04\/caso-dede-justica-cita-cruzeiro-a-pagar-r-330-mi-a-empresarios-clube-entrara-com-embargos\/","title":{"rendered":"Caso Ded\u00e9: Justi\u00e7a cita Cruzeiro a pagar R$ 330 mi a empres\u00e1rios; clube entrar\u00e1 com embargos"},"content":{"rendered":"<p><strong>A ju\u00edza L\u00edlian Bastos de Paula, da 22\u00aa Vara C\u00edvel da Comarca de Belo Horizonte, expediu mandado para que o Cruzeiro pague, em 15 dias ap\u00f3s a cita\u00e7\u00e3o, a um\u00a0grupo de empres\u00e1rios o valor referente \u00e0 cl\u00e1usula indenizat\u00f3ria do contrato de Ded\u00e9, cujo\u00a0v\u00ednculo com o clube foi encerrado ap\u00f3s acordo no Tribunal Regional do Trabalho de Minas Gerais. Os empres\u00e1rios cobram R$ 330 milh\u00f5es.<\/strong><\/p>\n<p>\u201cDefiro a expedi\u00e7\u00e3o de mandado de cita\u00e7\u00e3o para determinar que a parte demandada pague \u00e0 parte autora a quantia pleiteada, fixado o prazo de 15 dias para cumprimento da obriga\u00e7\u00e3o e o pagamento de honor\u00e1rios advocat\u00edcios de 5% do valor atribu\u00eddo \u00e0 causa (CPC, art. 701), ficando a parte requerida isenta do pagamento das custas processuais na hip\u00f3tese de oportuno cumprimento do mandado\u201d\u00a0&#8211; diz o despacho, assinado nessa ter\u00e7a-feira.<\/p>\n<p>A ju\u00edza ainda deu uma alternativa ao clube para a quita\u00e7\u00e3o do d\u00e9bito.<\/p>\n<p>\u201cComprovando o dep\u00f3sito de trinta por cento do valor em execu\u00e7\u00e3o, acrescido de custas e de honor\u00e1rios de advogado, a parte devedora poder\u00e1 requerer que lhe seja permitido pagar o restante em at\u00e9 6 (seis) parcelas mensais, acrescidas de corre\u00e7\u00e3o monet\u00e1ria e de juros.\u201d<\/p>\n<p>O Cruzeiro vai oferecer embargos para evitar o pagamento no prazo determinado. Em nota o clube se posicionou:<\/p>\n<p>&#8220;O Cruzeiro aguardar\u00e1 sua cita\u00e7\u00e3o no caso, que faz parte de um fluxo natural nesse tipo de processo. Em se tratando de uma a\u00e7\u00e3o monit\u00f3ria, o Clube apresentar\u00e1 posteriormente a defesa cab\u00edvel, que s\u00e3o os embargos monit\u00f3rios. Em hip\u00f3tese alguma haver\u00e1 o pagamento do valor neste momento&#8221;<\/p>\n<p>A cobran\u00e7a \u00e9 do Grupo D.I.S e da GT Sports, al\u00e9m dos empres\u00e1rios Marcos Vin\u00edcius Secundino e Giscard Salton, que participaram da aquisi\u00e7\u00e3o dos direitos econ\u00f4micos de Ded\u00e9, em 2013, quando ele chegou ao Cruzeiro. Ela n\u00e3o tem rela\u00e7\u00e3o com o jogador e seus representantes.<\/p>\n<p>Em 2013, quando o clube contratou Ded\u00e9 pagando R$ 7,758 milh\u00f5es ao Vasco, ficou definido que o zagueiro teria 97% dos direitos econ\u00f4micos presos ao grupo D.I.S e os outros 3% ao clube Villa Rio. Naquele momento, terceiros poderiam ter participa\u00e7\u00e3o nos direitos de atletas.<\/p>\n<p>Logo depois, os direitos econ\u00f4micos de Ded\u00e9 foram redivididos: 51,91% do fundo de investimentos DIS, 6,5% da GT Sports Assessoria, 30,5% nas m\u00e3os de Marcos Vin\u00edcius S\u00e1nchez Secundino e 11,09% com o empres\u00e1rio Giscard Salton, que repassou o direito \u00e0 empresa da qual \u00e9 s\u00f3cio: EAS Ag\u00eancia de Atletas Ltda.<\/p>\n<p>Tamb\u00e9m ficou definido que, em caso de rescis\u00e3o antecipada e unilateral do contrato, ou caso Ded\u00e9 tivesse a rescis\u00e3o indireta do v\u00ednculo na Justi\u00e7a, o Cruzeiro ficaria obrigado a pagar o valor referente \u00e0 cl\u00e1usula indenizat\u00f3ria esportiva. No caso de Ded\u00e9, do \u00faltimo contrato, no valor de R$ 330 milh\u00f5es.<\/p>\n","protected":false},"excerpt":{"rendered":"<p>A ju\u00edza L\u00edlian Bastos de Paula, da 22\u00aa Vara C\u00edvel da Comarca de Belo Horizonte, expediu mandado para que o Cruzeiro pague, em 15 dias ap\u00f3s a cita\u00e7\u00e3o, a um\u00a0grupo de empres\u00e1rios o valor referente \u00e0 cl\u00e1usula indenizat\u00f3ria do contrato de Ded\u00e9, cujo\u00a0v\u00ednculo com o clube foi encerrado ap\u00f3s acordo no Tribunal Regional do Trabalho de Minas Gerais. Os empres\u00e1rios cobram R$ 330 milh\u00f5es. \u201cDefiro a expedi\u00e7\u00e3o de mandado de cita\u00e7\u00e3o para determinar que a parte demandada pague \u00e0 parte autora a quantia pleiteada, fixado o prazo de 15 dias para cumprimento da obriga\u00e7\u00e3o e o pagamento de honor\u00e1rios advocat\u00edcios [&hellip;]<\/p>\n","protected":false},"author":1,"featured_media":49448,"comment_status":"open","ping_status":"closed","sticky":false,"template":"","format":"standard","meta":{"_links_to":"","_links_to_target":""},"categories":[9,1],"tags":[],"views":970,"_links":{"self":[{"href":"https:\/\/www.brazilianpress.com\/v1\/wp-json\/wp\/v2\/posts\/49447"}],"collection":[{"href":"https:\/\/www.brazilianpress.com\/v1\/wp-json\/wp\/v2\/posts"}],"about":[{"href":"https:\/\/www.brazilianpress.com\/v1\/wp-json\/wp\/v2\/types\/post"}],"author":[{"embeddable":true,"href":"https:\/\/www.brazilianpress.com\/v1\/wp-json\/wp\/v2\/users\/1"}],"replies":[{"embeddable":true,"href":"https:\/\/www.brazilianpress.com\/v1\/wp-json\/wp\/v2\/comments?post=49447"}],"version-history":[{"count":1,"href":"https:\/\/www.brazilianpress.com\/v1\/wp-json\/wp\/v2\/posts\/49447\/revisions"}],"predecessor-version":[{"id":49449,"href":"https:\/\/www.brazilianpress.com\/v1\/wp-json\/wp\/v2\/posts\/49447\/revisions\/49449"}],"wp:featuredmedia":[{"embeddable":true,"href":"https:\/\/www.brazilianpress.com\/v1\/wp-json\/wp\/v2\/media\/49448"}],"wp:attachment":[{"href":"https:\/\/www.brazilianpress.com\/v1\/wp-json\/wp\/v2\/media?parent=49447"}],"wp:term":[{"taxonomy":"category","embeddable":true,"href":"https:\/\/www.brazilianpress.com\/v1\/wp-json\/wp\/v2\/categories?post=49447"},{"taxonomy":"post_tag","embeddable":true,"href":"https:\/\/www.brazilianpress.com\/v1\/wp-json\/wp\/v2\/tags?post=49447"}],"curies":[{"name":"wp","href":"https:\/\/api.w.org\/{rel}","templated":true}]}}