{"id":49450,"date":"2021-09-04T08:53:41","date_gmt":"2021-09-04T12:53:41","guid":{"rendered":"https:\/\/www.brazilianpress.com\/v1\/?p=49450"},"modified":"2021-09-04T08:55:22","modified_gmt":"2021-09-04T12:55:22","slug":"acidente-no-peru-deixa-pelo-menos-33-mortos-e-20-feridos","status":"publish","type":"post","link":"https:\/\/www.brazilianpress.com\/v1\/2021\/09\/04\/acidente-no-peru-deixa-pelo-menos-33-mortos-e-20-feridos\/","title":{"rendered":"Acidente no Peru deixa pelo menos 33 mortos e 20 feridos"},"content":{"rendered":"<p><strong>Um acidente na madrugada de hoje (1\u00ba), no quil\u00f4metro (72 da Rodovia\u00a0Central, na localidade de Matuicana, prov\u00edncia de\u00a0Huarochir\u00ed, no Peru, deixou pelo menos 33 pessoas mortas e cerca de 20 feridas.\u00a0<\/strong><\/p>\n<p>Um \u00f4nibus da empresa Le\u00f3n Express, que fazia o trajeto Hu\u00e1nuco-Lima, perdeu o controle, depois de bater em uma rocha, e caiu em um despenhadeiro de quase 200 metros, ao ultrapassar a velocidade m\u00e1xima permitida. O ve\u00edculo levava 63 passageiros.<\/p>\n<p>O comandante-geral da Pol\u00edcia, C\u00e9sar Cervantes, viajou de helic\u00f3ptero de Lima at\u00e9 o local do acidente. A Pol\u00edcia Nacional informou que os trabalhos de busca devem durar o dia inteiro, pois o local \u00e9 de dif\u00edcil acesso. Os feridos est\u00e3o sendo atendidos no hospital de Chosica e\u00a0em outros\u00a0hospitais\u00a0de Lima, a capital peruana.<\/p>\n<p>Segundo a Superintend\u00eancia de Transporte Terrestre de Pessoas (Sutran), o \u00f4nibus tinha certificado de inspe\u00e7\u00e3o t\u00e9cnica veicular, seguro obrigat\u00f3rio de acidentes e habilita\u00e7\u00f5es dos condutores atualizadas. Em nota, a Sutran lamentou a perda de vidas humanas e informou que est\u00e1 tomando todas as provid\u00eancias para investigar as causas do acidente. Os feridos em estado mais grave foram transferidos, pela For\u00e7a A\u00e9rea do Peru,\u00a0para hospitais em Lima. (ABr)<\/p>\n","protected":false},"excerpt":{"rendered":"<p>Um acidente na madrugada de hoje (1\u00ba), no quil\u00f4metro (72 da Rodovia\u00a0Central, na localidade de Matuicana, prov\u00edncia de\u00a0Huarochir\u00ed, no Peru, deixou pelo menos 33 pessoas mortas e cerca de 20 feridas.\u00a0 Um \u00f4nibus da empresa Le\u00f3n Express, que fazia o trajeto Hu\u00e1nuco-Lima, perdeu o controle, depois de bater em uma rocha, e caiu em um despenhadeiro de quase 200 metros, ao ultrapassar a velocidade m\u00e1xima permitida. O ve\u00edculo levava 63 passageiros. O comandante-geral da Pol\u00edcia, C\u00e9sar Cervantes, viajou de helic\u00f3ptero de Lima at\u00e9 o local do acidente. A Pol\u00edcia Nacional informou que os trabalhos de busca devem durar o dia [&hellip;]<\/p>\n","protected":false},"author":1,"featured_media":49451,"comment_status":"open","ping_status":"closed","sticky":false,"template":"","format":"standard","meta":{"_links_to":"","_links_to_target":""},"categories":[3,8,1],"tags":[],"views":1067,"_links":{"self":[{"href":"https:\/\/www.brazilianpress.com\/v1\/wp-json\/wp\/v2\/posts\/49450"}],"collection":[{"href":"https:\/\/www.brazilianpress.com\/v1\/wp-json\/wp\/v2\/posts"}],"about":[{"href":"https:\/\/www.brazilianpress.com\/v1\/wp-json\/wp\/v2\/types\/post"}],"author":[{"embeddable":true,"href":"https:\/\/www.brazilianpress.com\/v1\/wp-json\/wp\/v2\/users\/1"}],"replies":[{"embeddable":true,"href":"https:\/\/www.brazilianpress.com\/v1\/wp-json\/wp\/v2\/comments?post=49450"}],"version-history":[{"count":1,"href":"https:\/\/www.brazilianpress.com\/v1\/wp-json\/wp\/v2\/posts\/49450\/revisions"}],"predecessor-version":[{"id":49452,"href":"https:\/\/www.brazilianpress.com\/v1\/wp-json\/wp\/v2\/posts\/49450\/revisions\/49452"}],"wp:featuredmedia":[{"embeddable":true,"href":"https:\/\/www.brazilianpress.com\/v1\/wp-json\/wp\/v2\/media\/49451"}],"wp:attachment":[{"href":"https:\/\/www.brazilianpress.com\/v1\/wp-json\/wp\/v2\/media?parent=49450"}],"wp:term":[{"taxonomy":"category","embeddable":true,"href":"https:\/\/www.brazilianpress.com\/v1\/wp-json\/wp\/v2\/categories?post=49450"},{"taxonomy":"post_tag","embeddable":true,"href":"https:\/\/www.brazilianpress.com\/v1\/wp-json\/wp\/v2\/tags?post=49450"}],"curies":[{"name":"wp","href":"https:\/\/api.w.org\/{rel}","templated":true}]}}