{"id":49550,"date":"2021-09-16T20:21:46","date_gmt":"2021-09-17T00:21:46","guid":{"rendered":"https:\/\/www.brazilianpress.com\/v1\/?p=49550"},"modified":"2021-09-16T20:22:22","modified_gmt":"2021-09-17T00:22:22","slug":"lea-campos-quem-manda","status":"publish","type":"post","link":"https:\/\/www.brazilianpress.com\/v1\/2021\/09\/16\/lea-campos-quem-manda\/","title":{"rendered":"L\u00e9a Campos: Quem Manda?"},"content":{"rendered":"<p><strong>Quem manda no futebol em Minas? A Conmebol, a CBF ou a FIFA? Nenhum desses \u00f3rg\u00e3os. O futebol mineiro est\u00e1 sendo dirigido pelo prefeito de Belo Horizonte. O despeito de Kalil por n\u00e3o ter conseguido ficar com a &#8220;Minas Arena&#8221;, direito adquirido pelo Cruzeiro, est\u00e1 levando o prefeito de Belo Horizonte a mandar e desmandar no Mineir\u00e3o. Fecha o est\u00e1dio proibindo torcida sempre que o Cruzeiro vai jogar e abre os port\u00f5es para a torcida do Atl\u00e9tico assistir o time na Libertadores. Isso \u00e9 mais uma desonestidade desse aprendiz de pol\u00edtica.<\/strong><\/p>\n<p>Ele j\u00e1 disse v\u00e1rias vezes, que tudo que ele puder fazer para prejudicar o Cruzeiro ele vai fazer. Um absurdo que os \u00f3rg\u00e3os que realmente mandam no futebol deveriam olhar com honestidade e n\u00e3o com prefer\u00eancia. Por que somente o Atl\u00e9tico pode ter torcida no Mineir\u00e3o e o Cruzeiro n\u00e3o? Dia 11 o time Celeste foi obrigado a jogar em Sete Lagoas sob uma temperatura superior a 30 graus \u00e0s 11 horas da manh\u00e3. Isso, al\u00e9m de ser um absurdo, \u00e9 um atentado \u00e0 vida dos jogadores. Kalil, por ser o prefeito, n\u00e3o poderia agir dessa forma, afinal, ele \u00e9 prefeito de BH ou presidente do Galo? Queremos que o tratamento seja igual para os times da capital mineira, sem clubismo e sem interfer\u00eancia. Kalil est\u00e1 mostrando mais uma vez, como \u00e9 ordin\u00e1rio e odioso e o povo de minha cidade ainda vota nesse cara.<\/p>\n<p>Ele pretende ser o governador de Minas, se conseguir, o primeiro ato dele ser\u00e1 enviar o Cruzeiro para o interior ou para outro estado. Ele sabe que o time do Barro Preto \u00e9 a pedra no sapato dele, eliminando a causa acaba o efeito. O 6&#215;0 n\u00e3o sai da cabe\u00e7a oca dele. Acho que o presidente do Cruzeiro deveria se impor e exigir da CBF mais autoridade e menos poder para o prefeitinho de Belo Horizonte. O Cruzeiro novamente ir\u00e1 a Sete Lagoas para jogar, enquanto o Mineir\u00e3o ser\u00e1 novamente transformado em galinheiro para receber Kalil e seu franguinhos para jogar mais um jogo da Conmebol. At\u00e9 quando teremos que aguentar esse cara dando as ordens e fazendo o que bem entende no futebol mineiro? Calhordice tem limites e as desse individuo j\u00e1 ultrapassaram todos. Se n\u00e3o pode ter torcida que seja para todos os times.<\/p>\n","protected":false},"excerpt":{"rendered":"<p>Quem manda no futebol em Minas? A Conmebol, a CBF ou a FIFA? Nenhum desses \u00f3rg\u00e3os. O futebol mineiro est\u00e1 sendo dirigido pelo prefeito de Belo Horizonte. O despeito de Kalil por n\u00e3o ter conseguido ficar com a &#8220;Minas Arena&#8221;, direito adquirido pelo Cruzeiro, est\u00e1 levando o prefeito de Belo Horizonte a mandar e desmandar no Mineir\u00e3o. Fecha o est\u00e1dio proibindo torcida sempre que o Cruzeiro vai jogar e abre os port\u00f5es para a torcida do Atl\u00e9tico assistir o time na Libertadores. Isso \u00e9 mais uma desonestidade desse aprendiz de pol\u00edtica. Ele j\u00e1 disse v\u00e1rias vezes, que tudo que ele [&hellip;]<\/p>\n","protected":false},"author":1,"featured_media":49551,"comment_status":"open","ping_status":"closed","sticky":false,"template":"","format":"standard","meta":{"_links_to":"","_links_to_target":""},"categories":[15,1],"tags":[],"views":1318,"_links":{"self":[{"href":"https:\/\/www.brazilianpress.com\/v1\/wp-json\/wp\/v2\/posts\/49550"}],"collection":[{"href":"https:\/\/www.brazilianpress.com\/v1\/wp-json\/wp\/v2\/posts"}],"about":[{"href":"https:\/\/www.brazilianpress.com\/v1\/wp-json\/wp\/v2\/types\/post"}],"author":[{"embeddable":true,"href":"https:\/\/www.brazilianpress.com\/v1\/wp-json\/wp\/v2\/users\/1"}],"replies":[{"embeddable":true,"href":"https:\/\/www.brazilianpress.com\/v1\/wp-json\/wp\/v2\/comments?post=49550"}],"version-history":[{"count":2,"href":"https:\/\/www.brazilianpress.com\/v1\/wp-json\/wp\/v2\/posts\/49550\/revisions"}],"predecessor-version":[{"id":49553,"href":"https:\/\/www.brazilianpress.com\/v1\/wp-json\/wp\/v2\/posts\/49550\/revisions\/49553"}],"wp:featuredmedia":[{"embeddable":true,"href":"https:\/\/www.brazilianpress.com\/v1\/wp-json\/wp\/v2\/media\/49551"}],"wp:attachment":[{"href":"https:\/\/www.brazilianpress.com\/v1\/wp-json\/wp\/v2\/media?parent=49550"}],"wp:term":[{"taxonomy":"category","embeddable":true,"href":"https:\/\/www.brazilianpress.com\/v1\/wp-json\/wp\/v2\/categories?post=49550"},{"taxonomy":"post_tag","embeddable":true,"href":"https:\/\/www.brazilianpress.com\/v1\/wp-json\/wp\/v2\/tags?post=49550"}],"curies":[{"name":"wp","href":"https:\/\/api.w.org\/{rel}","templated":true}]}}