{"id":49665,"date":"2021-09-25T16:07:41","date_gmt":"2021-09-25T20:07:41","guid":{"rendered":"https:\/\/www.brazilianpress.com\/v1\/?p=49665"},"modified":"2021-09-25T16:07:41","modified_gmt":"2021-09-25T20:07:41","slug":"fora-de-controle-eua-vao-flexibilizar-fronteira-texas-mexico-visando-conter-haitianos","status":"publish","type":"post","link":"https:\/\/www.brazilianpress.com\/v1\/2021\/09\/25\/fora-de-controle-eua-vao-flexibilizar-fronteira-texas-mexico-visando-conter-haitianos\/","title":{"rendered":"Fora de controle: EUA v\u00e3o flexibilizar fronteira Texas-M\u00e9xico visando conter haitianos"},"content":{"rendered":"<p><strong>O governo dos Estados Unidos vai reabrir parcialmente a fronteira do Texas com o M\u00e9xico neste s\u00e1bado, 25. Isso deve acontecer na regi\u00e3o onde h\u00e1 um n\u00famero expressivo de imigrantes haitianos, que est\u00e3o no local em busca de asilo. Nesta semana, o governo americano intensificou a deporta\u00e7\u00e3o de haitianos.<\/strong><\/p>\n<p>No fim da semana passada, autoridades estimavam que mais de 10 mil imigrantes tenham cruzado a fronteira no trecho do Rio Grande que separa as cidades de Del Rio, no Texas, e Ciudad Acu\u00f1a, no Estado mexicano de Coahuila. Mais de 29 mil haitianos chegaram aos EUA nos \u00faltimos 11 meses, segundo dados da Alf\u00e2ndega e Prote\u00e7\u00e3o de Fronteiras americana (CPB, na sigla em ingl\u00eas).<\/p>\n<p><img src=\"https:\/\/s2.glbimg.com\/tEHzTiSUdXq1Y0jmyEAPXjadpDM=\/0x0:2930x2039\/1008x0\/smart\/filters:strip_icc()\/i.s3.glbimg.com\/v1\/AUTH_59edd422c0c84a879bd37670ae4f538a\/internal_photos\/bs\/2021\/X\/z\/WZw2YeSsmIg5GbhzLs3g\/000-9n69l3.jpg\" alt=\"ONU consulta Brasil sobre receber haitianos acampados na fronteira entre EUA  e M\u00e9xico, diz ag\u00eancia | Mundo | G1\" \/><\/p>\n<p>No come\u00e7o da semana, cerca de 15 mil pessoas se abrigaram em acampamentos improvisados debaixo da ponte internacional, entre Del Rio e Ciudad Acu\u00f1a, enquanto agentes trabalhavam para processar os pedidos de asilo. Segundo autoridades, o acesso \u00e0 \u00e1gua pot\u00e1vel e a alimentos \u00e9 escasso e as condi\u00e7\u00f5es de higiene s\u00e3o prec\u00e1rias. Na \u00faltima quinta-feira, 23, o enviado especial dos Estados Unidos ao Haiti, Daniel Foote, entregou o cargo em uma carta endere\u00e7ada ao secret\u00e1rio de Estado, Antony Blinken. Na mensagem, ele afirmou n\u00e3o querer ser associado \u00e0 decis\u00e3o do governo de deportar em massa os refugiados de maneira \u201cdesumana\u201d e \u201ccontraproducente\u201d.<\/p>\n<p><img src=\"https:\/\/f.i.uol.com.br\/fotografia\/2021\/09\/21\/16322263856149cc5150c73_1632226385_3x2_md.jpg\" alt=\"A cavalo, agentes de fronteira nos EUA usam r\u00e9deas para amea\u00e7ar migrantes -  21\/09\/2021 - Mundo - Folha\" \/><\/p>\n","protected":false},"excerpt":{"rendered":"<p>O governo dos Estados Unidos vai reabrir parcialmente a fronteira do Texas com o M\u00e9xico neste s\u00e1bado, 25. Isso deve acontecer na regi\u00e3o onde h\u00e1 um n\u00famero expressivo de imigrantes haitianos, que est\u00e3o no local em busca de asilo. Nesta semana, o governo americano intensificou a deporta\u00e7\u00e3o de haitianos. No fim da semana passada, autoridades estimavam que mais de 10 mil imigrantes tenham cruzado a fronteira no trecho do Rio Grande que separa as cidades de Del Rio, no Texas, e Ciudad Acu\u00f1a, no Estado mexicano de Coahuila. Mais de 29 mil haitianos chegaram aos EUA nos \u00faltimos 11 meses, [&hellip;]<\/p>\n","protected":false},"author":1,"featured_media":49666,"comment_status":"open","ping_status":"closed","sticky":false,"template":"","format":"standard","meta":{"_links_to":"","_links_to_target":""},"categories":[3,1,10],"tags":[],"views":1894,"_links":{"self":[{"href":"https:\/\/www.brazilianpress.com\/v1\/wp-json\/wp\/v2\/posts\/49665"}],"collection":[{"href":"https:\/\/www.brazilianpress.com\/v1\/wp-json\/wp\/v2\/posts"}],"about":[{"href":"https:\/\/www.brazilianpress.com\/v1\/wp-json\/wp\/v2\/types\/post"}],"author":[{"embeddable":true,"href":"https:\/\/www.brazilianpress.com\/v1\/wp-json\/wp\/v2\/users\/1"}],"replies":[{"embeddable":true,"href":"https:\/\/www.brazilianpress.com\/v1\/wp-json\/wp\/v2\/comments?post=49665"}],"version-history":[{"count":2,"href":"https:\/\/www.brazilianpress.com\/v1\/wp-json\/wp\/v2\/posts\/49665\/revisions"}],"predecessor-version":[{"id":49668,"href":"https:\/\/www.brazilianpress.com\/v1\/wp-json\/wp\/v2\/posts\/49665\/revisions\/49668"}],"wp:featuredmedia":[{"embeddable":true,"href":"https:\/\/www.brazilianpress.com\/v1\/wp-json\/wp\/v2\/media\/49666"}],"wp:attachment":[{"href":"https:\/\/www.brazilianpress.com\/v1\/wp-json\/wp\/v2\/media?parent=49665"}],"wp:term":[{"taxonomy":"category","embeddable":true,"href":"https:\/\/www.brazilianpress.com\/v1\/wp-json\/wp\/v2\/categories?post=49665"},{"taxonomy":"post_tag","embeddable":true,"href":"https:\/\/www.brazilianpress.com\/v1\/wp-json\/wp\/v2\/tags?post=49665"}],"curies":[{"name":"wp","href":"https:\/\/api.w.org\/{rel}","templated":true}]}}