{"id":49684,"date":"2021-09-29T09:54:42","date_gmt":"2021-09-29T13:54:42","guid":{"rendered":"https:\/\/www.brazilianpress.com\/v1\/?p=49684"},"modified":"2021-09-29T09:54:42","modified_gmt":"2021-09-29T13:54:42","slug":"senadores-dos-eua-pedem-que-biden-alerte-bolsonaro-sobre-graves-consequencias-em-caso-de-ruptura","status":"publish","type":"post","link":"https:\/\/www.brazilianpress.com\/v1\/2021\/09\/29\/senadores-dos-eua-pedem-que-biden-alerte-bolsonaro-sobre-graves-consequencias-em-caso-de-ruptura\/","title":{"rendered":"Senadores dos EUA pedem que Biden alerte Bolsonaro sobre \u2018graves consequ\u00eancias\u2019 em caso de \u2018ruptura\u2019"},"content":{"rendered":"<p><strong>Senadores do Partido Democrata, do presidente americano, Joe Biden, alertaram nesta ter\u00e7a-feira 28 para o \u201cdecl\u00ednio democr\u00e1tico\u201d no Brasil com Jair Bolsonaro, destacando que a rela\u00e7\u00e3o bilateral correr\u00e1 riscos se o presidente brasileiro descumprir as regras das elei\u00e7\u00f5es de 2022.<\/strong><\/p>\n<p>O presidente brasileiro, um dos principais aliados internacionais do antecessor de Biden, Donald Trump, disse que o Brasil poderia ver cenas similares \u00e0 da multid\u00e3o de apoiadores do ex-presidente americano que, em 6 de janeiro, invadiram o Capit\u00f3lio, tentando evitar a certifica\u00e7\u00e3o da vit\u00f3ria de seu advers\u00e1rio democrata.<\/p>\n<p>Em carta destinada ao secret\u00e1rio de Estado, Antony Blinken, quatro influentes senadores democratas destacaram que \u201cuma altera\u00e7\u00e3o da ordem constitucional brasileira colocaria em risco a pr\u00f3pria base\u201d das rela\u00e7\u00f5es entre os dois pa\u00edses mais populosos do continente americano. \u201cN\u00f3s o instamos a deixar claro que os Estados Unidos apoiam as institui\u00e7\u00f5es democr\u00e1ticas do Brasil e que qualquer ruptura antidemocr\u00e1tica com a ordem constitucional atual ter\u00e1 graves consequ\u00eancias\u201d, disseram os senadores, entre eles Dick Durbin, o democrata n\u00famero dois na C\u00e2mara Alta, e Bob Men\u00e9ndez, presidente da Comiss\u00e3o de Rela\u00e7\u00f5es Exteriores do Senado.<\/p>\n<p>Os senadores americanos expressaram preocupa\u00e7\u00e3o com as declara\u00e7\u00f5es \u201ccada vez mais perigosas\u201d de Bolsonaro sobre as elei\u00e7\u00f5es de 2022. Bolsonaro tem dito, sem apresentar provas, que o sistema de vota\u00e7\u00e3o eletr\u00f4nico \u00e9 vulner\u00e1vel a fraudes e que se negaria a admitir uma derrota. \u201cS\u00f3 Deus me tira da cadeira presidencial\u201d, declarou em uma live. \u201cEste tipo de linguagem imprudente \u00e9 perigoso para qualquer democracia, mas \u00e9 especialmente indevido em uma democracia do calibre do Brasil, que durante d\u00e9cadas mostrou-se capaz de realizar transi\u00e7\u00f5es pac\u00edficas do poder\u201d, escreveram os senadores na carta.<\/p>\n<p>Eles tamb\u00e9m destacaram os \u201cataques pessoais\u201d de Bolsonaro aos membros do Supremo Tribunal Federal e do Tribunal Superior Eleitoral, ressaltando que amea\u00e7am socavar o Estado de direito. \u201cNossa associa\u00e7\u00e3o com o Brasil deve ser um baluarte contra os atores antidemocr\u00e1ticos, de China e R\u00fassia a Cuba e Venezuela\u201d, destacaram os senadores a Blinken, urgindo-o a fazer do apoio \u00e0 democracia brasileira \u201cuma prioridade diplom\u00e1tica m\u00e1xima\u201d. O governo Biden tem sido discreto em suas declara\u00e7\u00f5es p\u00fablicas sobre Bolsonaro. Blinken se reuniu na semana passada \u00e0 margem da Assembleia Geral da ONU com o chanceler brasileiro, Carlos Alberto Fran\u00e7a, em um encontro que, segundo um funcion\u00e1rio do Departamento de Estado, tentou incentivar Bolsonaro, um c\u00e9tico das mudan\u00e7as clim\u00e1ticas, a elevar as metas brasileiras na luta contra o aquecimento global. Bolsonaro, cujo \u00edndice de aprova\u00e7\u00e3o despencou em parte devido \u00e0 gest\u00e3o da pandemia de Covid-19, disse que \u201ca chance de um golpe \u00e9 zero\u201d no Brasil, embora alguns de seus apoiadores tenham pedido interven\u00e7\u00e3o militar para mant\u00ea-lo no poder.<\/p>\n","protected":false},"excerpt":{"rendered":"<p>Senadores do Partido Democrata, do presidente americano, Joe Biden, alertaram nesta ter\u00e7a-feira 28 para o \u201cdecl\u00ednio democr\u00e1tico\u201d no Brasil com Jair Bolsonaro, destacando que a rela\u00e7\u00e3o bilateral correr\u00e1 riscos se o presidente brasileiro descumprir as regras das elei\u00e7\u00f5es de 2022. O presidente brasileiro, um dos principais aliados internacionais do antecessor de Biden, Donald Trump, disse que o Brasil poderia ver cenas similares \u00e0 da multid\u00e3o de apoiadores do ex-presidente americano que, em 6 de janeiro, invadiram o Capit\u00f3lio, tentando evitar a certifica\u00e7\u00e3o da vit\u00f3ria de seu advers\u00e1rio democrata. Em carta destinada ao secret\u00e1rio de Estado, Antony Blinken, quatro influentes senadores [&hellip;]<\/p>\n","protected":false},"author":1,"featured_media":44775,"comment_status":"open","ping_status":"closed","sticky":false,"template":"","format":"standard","meta":{"_links_to":"","_links_to_target":""},"categories":[3,1,10],"tags":[],"views":1225,"_links":{"self":[{"href":"https:\/\/www.brazilianpress.com\/v1\/wp-json\/wp\/v2\/posts\/49684"}],"collection":[{"href":"https:\/\/www.brazilianpress.com\/v1\/wp-json\/wp\/v2\/posts"}],"about":[{"href":"https:\/\/www.brazilianpress.com\/v1\/wp-json\/wp\/v2\/types\/post"}],"author":[{"embeddable":true,"href":"https:\/\/www.brazilianpress.com\/v1\/wp-json\/wp\/v2\/users\/1"}],"replies":[{"embeddable":true,"href":"https:\/\/www.brazilianpress.com\/v1\/wp-json\/wp\/v2\/comments?post=49684"}],"version-history":[{"count":1,"href":"https:\/\/www.brazilianpress.com\/v1\/wp-json\/wp\/v2\/posts\/49684\/revisions"}],"predecessor-version":[{"id":49685,"href":"https:\/\/www.brazilianpress.com\/v1\/wp-json\/wp\/v2\/posts\/49684\/revisions\/49685"}],"wp:featuredmedia":[{"embeddable":true,"href":"https:\/\/www.brazilianpress.com\/v1\/wp-json\/wp\/v2\/media\/44775"}],"wp:attachment":[{"href":"https:\/\/www.brazilianpress.com\/v1\/wp-json\/wp\/v2\/media?parent=49684"}],"wp:term":[{"taxonomy":"category","embeddable":true,"href":"https:\/\/www.brazilianpress.com\/v1\/wp-json\/wp\/v2\/categories?post=49684"},{"taxonomy":"post_tag","embeddable":true,"href":"https:\/\/www.brazilianpress.com\/v1\/wp-json\/wp\/v2\/tags?post=49684"}],"curies":[{"name":"wp","href":"https:\/\/api.w.org\/{rel}","templated":true}]}}