{"id":49686,"date":"2021-09-29T13:57:18","date_gmt":"2021-09-29T17:57:18","guid":{"rendered":"https:\/\/www.brazilianpress.com\/v1\/?p=49686"},"modified":"2021-09-29T13:57:18","modified_gmt":"2021-09-29T17:57:18","slug":"crianca-morre-por-ameba-comedora-de-cerebros-infectada-em-parque-aquatico-no-texas","status":"publish","type":"post","link":"https:\/\/www.brazilianpress.com\/v1\/2021\/09\/29\/crianca-morre-por-ameba-comedora-de-cerebros-infectada-em-parque-aquatico-no-texas\/","title":{"rendered":"Crian\u00e7a morre por ameba &#8220;comedora de c\u00e9rebros&#8221;, infectada em parque aqu\u00e1tico no Texas"},"content":{"rendered":"<p><strong>Uma crian\u00e7a de 6 anos faleceu em um hospital nos Estados Unidos na \u00faltima segunda-feira (27) em decorr\u00eancia de uma meningoencefalite amebiana prim\u00e1ria. A doen\u00e7a \u00e9 causada por uma ameba capaz de &#8220;comer&#8221; o tecido do c\u00e9rebro humano. Com informa\u00e7\u00f5es do G1.<\/strong><\/p>\n<p>O micro-organismo, que tem apenas uma c\u00e9lula, \u00e9 denominado Naegleria fowleri e entrou no corpo do menino enquanto ele brincava em um parque aqu\u00e1tico p\u00fablico no estado norte-americano do Texas.<\/p>\n<p><img src=\"https:\/\/www.dagbladet.no\/images\/74281850.jpg?imageId=74281850&amp;panow=100&amp;panoh=100&amp;panox=0&amp;panoy=0&amp;heightw=100&amp;heighth=100&amp;heightx=0&amp;heighty=0&amp;width=1200&amp;height=630\" alt=\"Naegleria fowleri in the USA: - Six-year-old died of brain-eating amoeba -  World Today News\" \/><\/p>\n<p>Esta ameba, conhecida popularmente como &#8220;come c\u00e9rebros&#8221;, se alimenta principalmente de bact\u00e9rias presentes na \u00e1gua. Ao adentrar no corpo humano, n\u00e3o encontrando os nutrientes necess\u00e1rios para viver, ela passa a atacar o c\u00e9rebro em busca das tais subst\u00e2ncias. A infec\u00e7\u00e3o ocorre quando a ameba entra pelo nariz, fato que ocorre geralmente quando as pessoas v\u00e3o nadar ou mergulhar em lagos, rios ou piscinas.<\/p>\n<p><strong>Falha no sistema<\/strong><\/p>\n<p>Uma investiga\u00e7\u00e3o iniciada no dia 5 de setembro, dia em que o garoto deu entrada em um hospital, autoridades sanit\u00e1rias apontaram falhas no sistema que confere a qualidade de \u00e1gua em diversos parques do Texas. A presen\u00e7a da ameba em \u00e1guas doces e mornas \u00e9 comum, por\u00e9m infec\u00e7\u00f5es s\u00e3o raras. Na \u00faltima d\u00e9cada, segundo Centro de Controle e Preven\u00e7\u00e3o de Doen\u00e7as (CDC), somente 34 casos foram relatados nos Estados Unidos.<\/p>\n<p><img src=\"https:\/\/bloximages.newyork1.vip.townnews.com\/news-daily.com\/content\/tncms\/assets\/v3\/editorial\/7\/5a\/75ad0e52-87f7-5bf3-bfe9-27771cee3afc\/615394c8a9d14.image.jpg?resize=1200%2C675\" alt=\"Child dies after contracting brain-eating amoeba at a Texas splash pad |  News | news-daily.com\" \/><\/p>\n<p><img src=\"https:\/\/www.enikos.gr\/wp-content\/uploads\/2021\/09\/amoivada.jpg\" alt=\"A 6-year-old boy died from an amoeba that eats the brain\" \/><\/p>\n","protected":false},"excerpt":{"rendered":"<p>Uma crian\u00e7a de 6 anos faleceu em um hospital nos Estados Unidos na \u00faltima segunda-feira (27) em decorr\u00eancia de uma meningoencefalite amebiana prim\u00e1ria. A doen\u00e7a \u00e9 causada por uma ameba capaz de &#8220;comer&#8221; o tecido do c\u00e9rebro humano. Com informa\u00e7\u00f5es do G1. O micro-organismo, que tem apenas uma c\u00e9lula, \u00e9 denominado Naegleria fowleri e entrou no corpo do menino enquanto ele brincava em um parque aqu\u00e1tico p\u00fablico no estado norte-americano do Texas. Esta ameba, conhecida popularmente como &#8220;come c\u00e9rebros&#8221;, se alimenta principalmente de bact\u00e9rias presentes na \u00e1gua. Ao adentrar no corpo humano, n\u00e3o encontrando os nutrientes necess\u00e1rios para viver, ela [&hellip;]<\/p>\n","protected":false},"author":1,"featured_media":49687,"comment_status":"open","ping_status":"closed","sticky":false,"template":"","format":"standard","meta":{"_links_to":"","_links_to_target":""},"categories":[3,1,10],"tags":[],"views":1275,"_links":{"self":[{"href":"https:\/\/www.brazilianpress.com\/v1\/wp-json\/wp\/v2\/posts\/49686"}],"collection":[{"href":"https:\/\/www.brazilianpress.com\/v1\/wp-json\/wp\/v2\/posts"}],"about":[{"href":"https:\/\/www.brazilianpress.com\/v1\/wp-json\/wp\/v2\/types\/post"}],"author":[{"embeddable":true,"href":"https:\/\/www.brazilianpress.com\/v1\/wp-json\/wp\/v2\/users\/1"}],"replies":[{"embeddable":true,"href":"https:\/\/www.brazilianpress.com\/v1\/wp-json\/wp\/v2\/comments?post=49686"}],"version-history":[{"count":1,"href":"https:\/\/www.brazilianpress.com\/v1\/wp-json\/wp\/v2\/posts\/49686\/revisions"}],"predecessor-version":[{"id":49688,"href":"https:\/\/www.brazilianpress.com\/v1\/wp-json\/wp\/v2\/posts\/49686\/revisions\/49688"}],"wp:featuredmedia":[{"embeddable":true,"href":"https:\/\/www.brazilianpress.com\/v1\/wp-json\/wp\/v2\/media\/49687"}],"wp:attachment":[{"href":"https:\/\/www.brazilianpress.com\/v1\/wp-json\/wp\/v2\/media?parent=49686"}],"wp:term":[{"taxonomy":"category","embeddable":true,"href":"https:\/\/www.brazilianpress.com\/v1\/wp-json\/wp\/v2\/categories?post=49686"},{"taxonomy":"post_tag","embeddable":true,"href":"https:\/\/www.brazilianpress.com\/v1\/wp-json\/wp\/v2\/tags?post=49686"}],"curies":[{"name":"wp","href":"https:\/\/api.w.org\/{rel}","templated":true}]}}