{"id":49689,"date":"2021-09-30T09:25:28","date_gmt":"2021-09-30T13:25:28","guid":{"rendered":"https:\/\/www.brazilianpress.com\/v1\/?p=49689"},"modified":"2021-09-30T09:25:28","modified_gmt":"2021-09-30T13:25:28","slug":"atencao-eua-pedem-ao-itamaraty-que-aceite-3-voos-semanais-com-deportados-brasileiros","status":"publish","type":"post","link":"https:\/\/www.brazilianpress.com\/v1\/2021\/09\/30\/atencao-eua-pedem-ao-itamaraty-que-aceite-3-voos-semanais-com-deportados-brasileiros\/","title":{"rendered":"Aten\u00e7\u00e3o: EUA pedem ao Itamaraty que aceite 3 voos semanais, com deportados brasileiros"},"content":{"rendered":"<p><strong>O governo americano solicitou ao Brasil autoriza\u00e7\u00e3o para ampliar a frequ\u00eancia de voos de deporta\u00e7\u00e3o ao Pa\u00eds. Os Estados Unidos pediram que o governo brasileiro concorde com tr\u00eas voos semanais de deportados &#8212; atualmente, h\u00e1 autoriza\u00e7\u00e3o para um por semana. O Itamaraty concordou com dois voos semanais. A nova periodicidade de brasileiros deportados est\u00e1 prevista para entrar em vigor em outubro.\u00a0 A informa\u00e7\u00e3o foi revelada pelo jornal &#8220;Folha de S. Paulo&#8221; e confirmada pelo Estad\u00e3o.<\/strong><\/p>\n<p>No final de maio, os EUA enviaram ao Brasil o primeiro voo fretado para deportar imigrantes brasileiros desde o in\u00edcio do governo Biden. A pr\u00e1tica tornou-se frequente no governo Donald Trump, que adotou pol\u00edtica e ret\u00f3rica anti-imigra\u00e7\u00e3o, e passou a ser usada tamb\u00e9m no governo Biden, quando um n\u00famero recorde de imigrantes come\u00e7ou a chegar na fronteira dos EUA com o M\u00e9xico.<\/p>\n<p><img loading=\"lazy\" class=\"alignnone size-full wp-image-44122\" src=\"https:\/\/www.brazilianpress.com\/v1\/wp-content\/uploads\/2020\/05\/imigrantes-deportados-covid-19-coronavirus.jpg\" alt=\"\" width=\"700\" height=\"394\" srcset=\"https:\/\/www.brazilianpress.com\/v1\/wp-content\/uploads\/2020\/05\/imigrantes-deportados-covid-19-coronavirus.jpg 700w, https:\/\/www.brazilianpress.com\/v1\/wp-content\/uploads\/2020\/05\/imigrantes-deportados-covid-19-coronavirus-300x169.jpg 300w, https:\/\/www.brazilianpress.com\/v1\/wp-content\/uploads\/2020\/05\/imigrantes-deportados-covid-19-coronavirus-400x225.jpg 400w, https:\/\/www.brazilianpress.com\/v1\/wp-content\/uploads\/2020\/05\/imigrantes-deportados-covid-19-coronavirus-600x338.jpg 600w\" sizes=\"(max-width: 700px) 100vw, 700px\" \/><\/p>\n<p>Questionado sobre o assunto, o Itamaraty diz que recebeu em agosto pedido para ampliar a frequ\u00eancia de voos semanais, algo que ser\u00e1 implementado em outubro. O \u00f3rg\u00e3o tamb\u00e9m afirma que o governo &#8220;consentiu, em car\u00e1ter tempor\u00e1rio e condicional&#8221; com o aumento da frequ\u00eancia para dois voos por semana e que o objetivo do MRE \u00e9 reduzir o tempo de perman\u00eancia dos brasileiros em centros de deten\u00e7\u00e3o americanos, especialmente durante a pandemia de covid-19.<\/p>\n<p>O governo brasileiro confirma tamb\u00e9m a informa\u00e7\u00e3o de que pediu aos EUA que os deportados n\u00e3o sejam algemados no voo &#8212; algo que muitos relatam que acontece quando s\u00e3o enviados de volta pelo governo americano nessa situa\u00e7\u00e3o.<\/p>\n<p><img loading=\"lazy\" class=\"alignnone size-full wp-image-48339\" src=\"https:\/\/www.brazilianpress.com\/v1\/wp-content\/uploads\/2021\/05\/brasileiros-deportados-eua-aeroporto-confins-1.jpg\" alt=\"\" width=\"820\" height=\"492\" srcset=\"https:\/\/www.brazilianpress.com\/v1\/wp-content\/uploads\/2021\/05\/brasileiros-deportados-eua-aeroporto-confins-1.jpg 820w, https:\/\/www.brazilianpress.com\/v1\/wp-content\/uploads\/2021\/05\/brasileiros-deportados-eua-aeroporto-confins-1-300x180.jpg 300w\" sizes=\"(max-width: 820px) 100vw, 820px\" \/><\/p>\n<p>O total de brasileiros que chegaram aos EUA ilegalmente come\u00e7ou a crescer em 2015, mas se mantinha em patamares baixos. O grande pico nas apreens\u00f5es pela patrulha fronteiri\u00e7a aconteceu em 2019, quando passou de 1,6 mil casos no ano anterior para 18 mil, segundo os registros dos EUA.\u00a0 No ano passado, as travessias ca\u00edram em raz\u00e3o dos bloqueios de viagem durante a pandemia e \u00e0 pol\u00edtica estabelecida no governo Trump. Neste ano, o n\u00famero explodiu. S\u00f3 em agosto, mais de 9 mil brasileiros tentaram atravessar a fronteira americana sem visto. De outubro do ano passado a agosto deste ano, a estimativa \u00e9 que mais de 46 mil brasileiros tenham feito esse caminho.<\/p>\n<p>A autoriza\u00e7\u00e3o para ampliar os voos de deporta\u00e7\u00e3o ao Brasil acontece no mesmo momento em que o governo americano pede para que o Pa\u00eds receba haitianos que entraram de maneira irregular nos EUA.\u00a0 Na semana passada, a situa\u00e7\u00e3o dos haitianos foi tratada em conversa entre o secret\u00e1rio de Estado, Antony Blinken, e o chanceler brasileiro, Carlos Fran\u00e7a. Os dois se reuniram em Nova York, ap\u00f3s a abertura da Assembleia Geral da Organiza\u00e7\u00e3o das Na\u00e7\u00f5es Unidas (ONU).<\/p>\n<p><img loading=\"lazy\" class=\"alignnone size-full wp-image-44128\" src=\"https:\/\/www.brazilianpress.com\/v1\/wp-content\/uploads\/2020\/05\/deportados-confins-belo-horizonte-bh-aeroporto.jpg\" alt=\"\" width=\"675\" height=\"450\" srcset=\"https:\/\/www.brazilianpress.com\/v1\/wp-content\/uploads\/2020\/05\/deportados-confins-belo-horizonte-bh-aeroporto.jpg 675w, https:\/\/www.brazilianpress.com\/v1\/wp-content\/uploads\/2020\/05\/deportados-confins-belo-horizonte-bh-aeroporto-300x200.jpg 300w\" sizes=\"(max-width: 675px) 100vw, 675px\" \/><\/p>\n<p>No encontro, segundo fontes presentes na reuni\u00e3o, Blinken pediu que o Brasil acolha haitianos que est\u00e3o sendo deportados pelo governo Biden. O governo brasileiro indicou que seria preciso avaliar a situa\u00e7\u00e3o espec\u00edfica de cada imigrante. Crian\u00e7as haitianas que nasceram no Brasil, e portanto s\u00e3o cidad\u00e3os brasileiros, por exemplo, e estrangeiros com permiss\u00e3o de resid\u00eancia podem entrar novamente no Pa\u00eds. J\u00e1 os que est\u00e3o com visto humanit\u00e1rio e mesmo assim deixaram o Brasil n\u00e3o podem pedir novamente o status tempor\u00e1rio.<\/p>\n<p>Tudo isso foi dito a Blinken. O chanceler brasileiro tamb\u00e9m indicou ao americano que o Brasil s\u00f3 estaria disposto a negociar a recep\u00e7\u00e3o de haitianos que j\u00e1 estiveram no Pa\u00eds antes. N\u00e3o se cogitou a possibilidade, segundo fonte presente no encontro, de o Brasil receber haitianos que chegaram aos EUA por outros caminhos, sem passagem por solo brasileiro. Para receber o voo com deportados, \u00e9 necess\u00e1rio ter autoriza\u00e7\u00e3o do governo Bolsonaro.<\/p>\n<p>O Planalto tem autorizado que os EUA enviem voos fretados com deportados ao Pa\u00eds, no caso de brasileiros que atravessam a fronteira ilegalmente e ficam detidos pelos americanos. A autoriza\u00e7\u00e3o sistem\u00e1tica para que os EUA enviem ao Brasil voos fretados de deporta\u00e7\u00e3o come\u00e7ou em 2019, no governo Bolsonaro. Os EUA buscavam uma forma de lidar com o alto n\u00famero de imigrantes brasileiros em situa\u00e7\u00e3o irregular que chegaram ao pa\u00eds. O governo Trump passou a adotar a estrat\u00e9gia de forma recorrente e o Brasil, a autorizar. Antes, havia registro de apenas um caso de voo fretado com deportados, em 2017. O mecanismo mais comum at\u00e9 2019 era encaminhar os imigrantes deportados em voos comerciais.<\/p>\n","protected":false},"excerpt":{"rendered":"<p>O governo americano solicitou ao Brasil autoriza\u00e7\u00e3o para ampliar a frequ\u00eancia de voos de deporta\u00e7\u00e3o ao Pa\u00eds. Os Estados Unidos pediram que o governo brasileiro concorde com tr\u00eas voos semanais de deportados &#8212; atualmente, h\u00e1 autoriza\u00e7\u00e3o para um por semana. O Itamaraty concordou com dois voos semanais. A nova periodicidade de brasileiros deportados est\u00e1 prevista para entrar em vigor em outubro.\u00a0 A informa\u00e7\u00e3o foi revelada pelo jornal &#8220;Folha de S. Paulo&#8221; e confirmada pelo Estad\u00e3o. No final de maio, os EUA enviaram ao Brasil o primeiro voo fretado para deportar imigrantes brasileiros desde o in\u00edcio do governo Biden. A pr\u00e1tica [&hellip;]<\/p>\n","protected":false},"author":1,"featured_media":48334,"comment_status":"open","ping_status":"closed","sticky":false,"template":"","format":"standard","meta":{"_links_to":"","_links_to_target":""},"categories":[4,3,1],"tags":[],"views":1105,"_links":{"self":[{"href":"https:\/\/www.brazilianpress.com\/v1\/wp-json\/wp\/v2\/posts\/49689"}],"collection":[{"href":"https:\/\/www.brazilianpress.com\/v1\/wp-json\/wp\/v2\/posts"}],"about":[{"href":"https:\/\/www.brazilianpress.com\/v1\/wp-json\/wp\/v2\/types\/post"}],"author":[{"embeddable":true,"href":"https:\/\/www.brazilianpress.com\/v1\/wp-json\/wp\/v2\/users\/1"}],"replies":[{"embeddable":true,"href":"https:\/\/www.brazilianpress.com\/v1\/wp-json\/wp\/v2\/comments?post=49689"}],"version-history":[{"count":1,"href":"https:\/\/www.brazilianpress.com\/v1\/wp-json\/wp\/v2\/posts\/49689\/revisions"}],"predecessor-version":[{"id":49690,"href":"https:\/\/www.brazilianpress.com\/v1\/wp-json\/wp\/v2\/posts\/49689\/revisions\/49690"}],"wp:featuredmedia":[{"embeddable":true,"href":"https:\/\/www.brazilianpress.com\/v1\/wp-json\/wp\/v2\/media\/48334"}],"wp:attachment":[{"href":"https:\/\/www.brazilianpress.com\/v1\/wp-json\/wp\/v2\/media?parent=49689"}],"wp:term":[{"taxonomy":"category","embeddable":true,"href":"https:\/\/www.brazilianpress.com\/v1\/wp-json\/wp\/v2\/categories?post=49689"},{"taxonomy":"post_tag","embeddable":true,"href":"https:\/\/www.brazilianpress.com\/v1\/wp-json\/wp\/v2\/tags?post=49689"}],"curies":[{"name":"wp","href":"https:\/\/api.w.org\/{rel}","templated":true}]}}