{"id":49700,"date":"2021-10-01T14:57:44","date_gmt":"2021-10-01T18:57:44","guid":{"rendered":"https:\/\/www.brazilianpress.com\/v1\/?p=49700"},"modified":"2021-10-01T14:57:44","modified_gmt":"2021-10-01T18:57:44","slug":"lea-campos-a-briga-continua","status":"publish","type":"post","link":"https:\/\/www.brazilianpress.com\/v1\/2021\/10\/01\/lea-campos-a-briga-continua\/","title":{"rendered":"L\u00e9a Campos: A Briga Continua"},"content":{"rendered":"<p><strong>Al\u00e9m do retorno dos jogadores que jogam na Inglaterra, convocados para jogar tr\u00eas jogos pelas eliminat\u00f3rias do Mundial do Catar convocados dia 25 passado, Tite resolveu chamar o atacante do Ajax, Antony e est\u00e1 dando nova chance para Edenilson e Gerson, al\u00e9m do atacante Vinicius Jr.\u00a0<\/strong><\/p>\n<p>No pr\u00f3ximo dia 7, Brasil viajar\u00e1 a Caracas para enfrentar a Venezuela. Dia 10 ser\u00e1 a vez de ir a Barranquilla enfrentar a Col\u00f4mbia e por \u00faltimo chegar\u00e1 a Manaus, dia 14, para encerrar esta etapa contra o Uruguai.<\/p>\n<p>Tite n\u00e3o ter\u00e1 Neymar no primeiro jogo, por ter sido punido com o segundo cart\u00e3o amarelo no jogo contra o Peru, jogado em Pernambuco.<\/p>\n<p>Para esses tr\u00eas jogos Tite convocou os seguintes jogadores:<\/p>\n<p><strong>Goleiros<\/strong><\/p>\n<p>Alisson<br \/>\nEderson<br \/>\nWeverton<\/p>\n<p><strong>Laterais<\/strong><\/p>\n<p>Danilo<br \/>\nEmerson<br \/>\nAlex Sandro<br \/>\nArana<\/p>\n<p><strong>Zagueiros<\/strong><br \/>\nMilit\u00e3o<br \/>\nLucas Ver\u00edssimo<br \/>\nMarquinhos<br \/>\nThiago Silva<\/p>\n<p><strong>Meio-campistas<\/strong><\/p>\n<p>Casemiro<br \/>\nEdenilson<br \/>\nEverton Ribeiro<br \/>\nFabinho<br \/>\nFred<br \/>\nGerson<br \/>\nLucas Paquet\u00e1<\/p>\n<p><strong>Atacantes<\/strong><\/p>\n<p>Antony<br \/>\nGabriel Jesus<br \/>\nMatheus Cunha<br \/>\nNeymar<br \/>\nRaphinha<br \/>\nVinicius J\u00fanior<\/p>\n<p>Estes s\u00e3o os jogadores que tentar\u00e3o manter 100% de aproveitamento.<br \/>\nCreio que os mais dif\u00edceis ser\u00e3o Uruguai e Col\u00f4mbia.<\/p>\n<p>&nbsp;<\/p>\n","protected":false},"excerpt":{"rendered":"<p>Al\u00e9m do retorno dos jogadores que jogam na Inglaterra, convocados para jogar tr\u00eas jogos pelas eliminat\u00f3rias do Mundial do Catar convocados dia 25 passado, Tite resolveu chamar o atacante do Ajax, Antony e est\u00e1 dando nova chance para Edenilson e Gerson, al\u00e9m do atacante Vinicius Jr.\u00a0 No pr\u00f3ximo dia 7, Brasil viajar\u00e1 a Caracas para enfrentar a Venezuela. Dia 10 ser\u00e1 a vez de ir a Barranquilla enfrentar a Col\u00f4mbia e por \u00faltimo chegar\u00e1 a Manaus, dia 14, para encerrar esta etapa contra o Uruguai. Tite n\u00e3o ter\u00e1 Neymar no primeiro jogo, por ter sido punido com o segundo cart\u00e3o [&hellip;]<\/p>\n","protected":false},"author":1,"featured_media":49701,"comment_status":"open","ping_status":"closed","sticky":false,"template":"","format":"standard","meta":{"_links_to":"","_links_to_target":""},"categories":[15,1],"tags":[],"views":1261,"_links":{"self":[{"href":"https:\/\/www.brazilianpress.com\/v1\/wp-json\/wp\/v2\/posts\/49700"}],"collection":[{"href":"https:\/\/www.brazilianpress.com\/v1\/wp-json\/wp\/v2\/posts"}],"about":[{"href":"https:\/\/www.brazilianpress.com\/v1\/wp-json\/wp\/v2\/types\/post"}],"author":[{"embeddable":true,"href":"https:\/\/www.brazilianpress.com\/v1\/wp-json\/wp\/v2\/users\/1"}],"replies":[{"embeddable":true,"href":"https:\/\/www.brazilianpress.com\/v1\/wp-json\/wp\/v2\/comments?post=49700"}],"version-history":[{"count":1,"href":"https:\/\/www.brazilianpress.com\/v1\/wp-json\/wp\/v2\/posts\/49700\/revisions"}],"predecessor-version":[{"id":49702,"href":"https:\/\/www.brazilianpress.com\/v1\/wp-json\/wp\/v2\/posts\/49700\/revisions\/49702"}],"wp:featuredmedia":[{"embeddable":true,"href":"https:\/\/www.brazilianpress.com\/v1\/wp-json\/wp\/v2\/media\/49701"}],"wp:attachment":[{"href":"https:\/\/www.brazilianpress.com\/v1\/wp-json\/wp\/v2\/media?parent=49700"}],"wp:term":[{"taxonomy":"category","embeddable":true,"href":"https:\/\/www.brazilianpress.com\/v1\/wp-json\/wp\/v2\/categories?post=49700"},{"taxonomy":"post_tag","embeddable":true,"href":"https:\/\/www.brazilianpress.com\/v1\/wp-json\/wp\/v2\/tags?post=49700"}],"curies":[{"name":"wp","href":"https:\/\/api.w.org\/{rel}","templated":true}]}}